{"id":1386,"date":"2020-06-24T09:44:27","date_gmt":"2020-06-24T07:44:27","guid":{"rendered":"http:\/\/museidartemendrisiotto.ch\/?p=1386"},"modified":"2020-09-04T11:17:41","modified_gmt":"2020-09-04T09:17:41","slug":"andre-derain-unkonventionell-experimentator","status":"publish","type":"post","link":"https:\/\/museidartemendrisiotto.ch\/de\/andre-derain-unkonventionell-experimentator\/","title":{"rendered":"Andre\u0301 Derain.<br>Unkonventionell Experimentator"},"content":{"rendered":"<p><strong>27.09.2020 \u2013 31.01.2021<\/strong><\/p>\n<p>Das Museo d\u2019arte Mendrisio hat beschlossen, im Rahmen seiner den grossen Meistern der Moderne gewidmeten Ausstellungst\u00e4tigkeit, eine grosse Retrospektive f\u00fcr Andr\u00e9 Derain zu organisieren. Ziel ist es, alle wesentlichen Aspekte seiner Suche zu erkunden und vor allem die besonderen Merkmale seines komplexen und vielseitigen Schaffens zwischen den beiden Kriegen und bis zu seinem Tod st\u00e4rker in den Blick zu r\u00fccken sowie neu zu bewerten.<\/p>\n<p>Anhand der Pr\u00e4sentation von gut hundert Werken f\u00fchrt die Ausstellung durch bestimmte, den zentralen Problemen seiner Suche gewidmete Bereiche: diese umfassen die Gebiete der <strong>Malerei<\/strong>, der <strong>Zeichnung<\/strong>, der <strong>Bildhauerei<\/strong> und seine Arbeiten f\u00fcr das <strong>Theater<\/strong>.<\/p>\n<p>In einem vom Museo d\u2019arte Mendrisio herausgegebenen, etwa 230 Seiten umfassenden Katalog finden sich Fotografien und Abbildungen von allen in der Ausstellung pr\u00e4sentierten Werken, die durch einleitende Beitr\u00e4ge von Wissenschaftlern und Kuratoren sowie dem \u00fcblichen Anhang mit einer Auswahlbibliografie und einer Liste von Ausstellungen erg\u00e4nzt werden. Dar\u00fcber hinaus werden einige exemplarische theoretische Texte des K\u00fcnstlers aufgenommen, die hier zum ersten Mal in italienischer \u00dcbersetzung erscheinen.<\/p>\n<p>(Detail)<br \/>\nGenevi\u00e8ve \u00e0 la pomme<br \/>\n1936-37 oder 1937-38<br \/>\nSammlung Genevi\u00e8ve Taillade<br \/>\n\u00a9 2020, ProLitteris, Zurich<\/p>\n","protected":false},"excerpt":{"rendered":"<p>27.09.2020 \u2013 31.01.2021 Das Museo d\u2019arte Mendrisio hat beschlossen, im Rahmen seiner den grossen Meistern der Moderne gewidmeten Ausstellungst\u00e4tigkeit, eine grosse Retrospektive f\u00fcr Andr\u00e9 Derain zu organisieren. Ziel ist es, alle wesentlichen Aspekte seiner Suche zu erkunden und vor allem die besonderen Merkmale seines komplexen und vielseitigen Schaffens zwischen den beiden Kriegen und bis zu &#8230; <a title=\"Andre\u0301 Derain.Unkonventionell Experimentator\" class=\"read-more\" href=\"https:\/\/museidartemendrisiotto.ch\/de\/andre-derain-unkonventionell-experimentator\/\">Weiterlesen <span class=\"screen-reader-text\">Andre\u0301 Derain.<br \/>Unkonventionell Experimentator<\/span><\/a><\/p>\n","protected":false},"author":2,"featured_media":920,"comment_status":"closed","ping_status":"closed","sticky":false,"template":"","format":"standard","meta":{"_monsterinsights_skip_tracking":false,"_monsterinsights_sitenote_active":false,"_monsterinsights_sitenote_note":"","_monsterinsights_sitenote_category":0,"footnotes":"","_links_to":"","_links_to_target":""},"categories":[41],"tags":[56],"class_list":["post-1386","post","type-post","status-publish","format-standard","has-post-thumbnail","hentry","category-museo-arte-mendrisio-de","tag-mostre-de"],"yoast_head":"<!-- This site is optimized with the Yoast SEO plugin v27.4 - https:\/\/yoast.com\/product\/yoast-seo-wordpress\/ -->\n<title>- Musei d\u2019Arte del Mendrisiotto<\/title>\n<meta name=\"robots\" content=\"index, follow, max-snippet:-1, max-image-preview:large, max-video-preview:-1\" \/>\n<link rel=\"canonical\" href=\"https:\/\/museidartemendrisiotto.ch\/de\/andre-derain-unkonventionell-experimentator\/\" \/>\n<meta property=\"og:locale\" content=\"de_DE\" \/>\n<meta property=\"og:type\" content=\"article\" \/>\n<meta property=\"og:title\" content=\"- Musei d\u2019Arte del Mendrisiotto\" \/>\n<meta property=\"og:description\" content=\"27.09.2020 \u2013 31.01.2021 Das Museo d\u2019arte Mendrisio hat beschlossen, im Rahmen seiner den grossen Meistern der Moderne gewidmeten Ausstellungst\u00e4tigkeit, eine grosse Retrospektive f\u00fcr Andr\u00e9 Derain zu organisieren. Ziel ist es, alle wesentlichen Aspekte seiner Suche zu erkunden und vor allem die besonderen Merkmale seines komplexen und vielseitigen Schaffens zwischen den beiden Kriegen und bis zu ... Weiterlesen Andre\u0301 Derain.Unkonventionell Experimentator\" \/>\n<meta property=\"og:url\" content=\"https:\/\/museidartemendrisiotto.ch\/de\/andre-derain-unkonventionell-experimentator\/\" \/>\n<meta property=\"og:site_name\" content=\"Musei d\u2019Arte del Mendrisiotto\" \/>\n<meta property=\"article:published_time\" content=\"2020-06-24T07:44:27+00:00\" \/>\n<meta property=\"article:modified_time\" content=\"2020-09-04T09:17:41+00:00\" \/>\n<meta property=\"og:image\" content=\"https:\/\/museidartemendrisiotto.ch\/wp-content\/uploads\/2020\/06\/derain.jpg\" \/>\n\t<meta property=\"og:image:width\" content=\"900\" \/>\n\t<meta property=\"og:image:height\" content=\"415\" \/>\n\t<meta property=\"og:image:type\" content=\"image\/jpeg\" \/>\n<meta name=\"author\" content=\"Andrea\" \/>\n<meta name=\"twitter:card\" content=\"summary_large_image\" \/>\n<meta name=\"twitter:label1\" content=\"Verfasst von\" \/>\n\t<meta name=\"twitter:data1\" content=\"Andrea\" \/>\n\t<meta name=\"twitter:label2\" content=\"Gesch\u00e4tzte Lesezeit\" \/>\n\t<meta name=\"twitter:data2\" content=\"1\u00a0Minute\" \/>\n<script type=\"application\/ld+json\" class=\"yoast-schema-graph\">{\"@context\":\"https:\\\/\\\/schema.org\",\"@graph\":[{\"@type\":\"Article\",\"@id\":\"https:\\\/\\\/museidartemendrisiotto.ch\\\/de\\\/andre-derain-unkonventionell-experimentator\\\/#article\",\"isPartOf\":{\"@id\":\"https:\\\/\\\/museidartemendrisiotto.ch\\\/de\\\/andre-derain-unkonventionell-experimentator\\\/\"},\"author\":{\"name\":\"Andrea\",\"@id\":\"https:\\\/\\\/museidartemendrisiotto.ch\\\/#\\\/schema\\\/person\\\/a621cc06dca7678c1e386726f2314801\"},\"headline\":\"Andre\u0301 Derain. Unkonventionell Experimentator\",\"datePublished\":\"2020-06-24T07:44:27+00:00\",\"dateModified\":\"2020-09-04T09:17:41+00:00\",\"mainEntityOfPage\":{\"@id\":\"https:\\\/\\\/museidartemendrisiotto.ch\\\/de\\\/andre-derain-unkonventionell-experimentator\\\/\"},\"wordCount\":195,\"publisher\":{\"@id\":\"https:\\\/\\\/museidartemendrisiotto.ch\\\/#organization\"},\"image\":{\"@id\":\"https:\\\/\\\/museidartemendrisiotto.ch\\\/de\\\/andre-derain-unkonventionell-experimentator\\\/#primaryimage\"},\"thumbnailUrl\":\"https:\\\/\\\/museidartemendrisiotto.ch\\\/wp-content\\\/uploads\\\/2020\\\/06\\\/derain.jpg\",\"keywords\":[\"mostre\"],\"articleSection\":[\"Museo d\u2019arte Mendrisio\"],\"inLanguage\":\"de\"},{\"@type\":\"event\",\"@id\":\"https:\\\/\\\/museidartemendrisiotto.ch\\\/de\\\/andre-derain-unkonventionell-experimentator\\\/\",\"url\":\"https:\\\/\\\/museidartemendrisiotto.ch\\\/de\\\/andre-derain-unkonventionell-experimentator\\\/\",\"name\":\"Andre\u0301 Derain.<br>Unkonventionell Experimentator\",\"isPartOf\":{\"@id\":\"https:\\\/\\\/museidartemendrisiotto.ch\\\/#website\"},\"primaryImageOfPage\":{\"@id\":\"https:\\\/\\\/museidartemendrisiotto.ch\\\/de\\\/andre-derain-unkonventionell-experimentator\\\/#primaryimage\"},\"image\":[\"https:\\\/\\\/museidartemendrisiotto.ch\\\/wp-content\\\/uploads\\\/2020\\\/06\\\/derain.jpg\",\"https:\\\/\\\/museidartemendrisiotto.ch\\\/wp-content\\\/uploads\\\/2020\\\/06\\\/derain-300x138.jpg\",\"https:\\\/\\\/museidartemendrisiotto.ch\\\/wp-content\\\/uploads\\\/2020\\\/06\\\/derain.jpg\",\"https:\\\/\\\/museidartemendrisiotto.ch\\\/wp-content\\\/uploads\\\/2020\\\/06\\\/derain.jpg\"],\"thumbnailUrl\":\"https:\\\/\\\/museidartemendrisiotto.ch\\\/wp-content\\\/uploads\\\/2020\\\/06\\\/derain.jpg\",\"datePublished\":\"2020-06-24T07:44:27+02:00\",\"dateModified\":\"2020-09-04T09:17:41+02:00\",\"breadcrumb\":{\"@id\":\"https:\\\/\\\/museidartemendrisiotto.ch\\\/de\\\/andre-derain-unkonventionell-experimentator\\\/#breadcrumb\"},\"inLanguage\":\"de\",\"potentialAction\":[{\"@type\":\"ReadAction\",\"target\":[\"https:\\\/\\\/museidartemendrisiotto.ch\\\/de\\\/andre-derain-unkonventionell-experimentator\\\/\"]}],\"@context\":\"https:\\\/\\\/schema.org\",\"startDate\":\"2020-09-27\",\"endDate\":\"2021-01-31\",\"eventStatus\":\"EventScheduled\",\"eventAttendanceMode\":\"OfflineEventAttendanceMode\",\"location\":{\"@type\":\"place\",\"name\":\"\",\"address\":\"\",\"geo\":{\"@type\":\"GeoCoordinates\",\"latitude\":\"\",\"longitude\":\"\"}},\"description\":\"27.09.2020 \u2013 31.01.2021\\r\\n\\r\\nDas Museo d\u2019arte Mendrisio hat beschlossen, im Rahmen seiner den grossen Meistern der Moderne gewidmeten Ausstellungst\u00e4tigkeit, eine grosse Retrospektive f\u00fcr Andr\u00e9 Derain zu organisieren. Ziel ist es, alle wesentlichen Aspekte seiner Suche zu erkunden und vor allem die besonderen Merkmale seines komplexen und vielseitigen Schaffens zwischen den beiden Kriegen und bis zu seinem Tod st\u00e4rker in den Blick zu r\u00fccken sowie neu zu bewerten.\\r\\n\\r\\nAnhand der Pr\u00e4sentation von gut hundert Werken f\u00fchrt die Ausstellung durch bestimmte, den zentralen Problemen seiner Suche gewidmete Bereiche: diese umfassen die Gebiete der Malerei, der Zeichnung, der Bildhauerei und seine Arbeiten f\u00fcr das Theater.\\r\\n\\r\\nIn einem vom Museo d\u2019arte Mendrisio herausgegebenen, etwa 230 Seiten umfassenden Katalog finden sich Fotografien und Abbildungen von allen in der Ausstellung pr\u00e4sentierten Werken, die durch einleitende Beitr\u00e4ge von Wissenschaftlern und Kuratoren sowie dem \u00fcblichen Anhang mit einer Auswahlbibliografie und einer Liste von Ausstellungen erg\u00e4nzt werden. Dar\u00fcber hinaus werden einige exemplarische theoretische Texte des K\u00fcnstlers aufgenommen, die hier zum ersten Mal in italienischer \u00dcbersetzung erscheinen.\\r\\n\\r\\n(Detail)\\r\\nGenevi\u00e8ve \u00e0 la pomme\\r\\n1936-37 oder 1937-38\\r\\nSammlung Genevi\u00e8ve Taillade\\r\\n\u00a9 2020, ProLitteris, Zurich\",\"offers\":{\"@type\":\"Offer\"}},{\"@type\":\"ImageObject\",\"inLanguage\":\"de\",\"@id\":\"https:\\\/\\\/museidartemendrisiotto.ch\\\/de\\\/andre-derain-unkonventionell-experimentator\\\/#primaryimage\",\"url\":\"https:\\\/\\\/museidartemendrisiotto.ch\\\/wp-content\\\/uploads\\\/2020\\\/06\\\/derain.jpg\",\"contentUrl\":\"https:\\\/\\\/museidartemendrisiotto.ch\\\/wp-content\\\/uploads\\\/2020\\\/06\\\/derain.jpg\",\"width\":900,\"height\":415},{\"@type\":\"BreadcrumbList\",\"@id\":\"https:\\\/\\\/museidartemendrisiotto.ch\\\/de\\\/andre-derain-unkonventionell-experimentator\\\/#breadcrumb\",\"itemListElement\":[{\"@type\":\"ListItem\",\"position\":1,\"name\":\"Home\",\"item\":\"https:\\\/\\\/museidartemendrisiotto.ch\\\/de\\\/\"},{\"@type\":\"ListItem\",\"position\":2,\"name\":\"Andre\u0301 Derain.Unkonventionell Experimentator\"}]},{\"@type\":\"WebSite\",\"@id\":\"https:\\\/\\\/museidartemendrisiotto.ch\\\/#website\",\"url\":\"https:\\\/\\\/museidartemendrisiotto.ch\\\/\",\"name\":\"Musei d\u2019Arte del Mendrisiotto\",\"description\":\"La rete dei Musei d\u2019Arte del Mendrisiotto (MAM) si propone di rafforzare la visibilit\u00e0, promuovere la conoscenza dei musei del Mendrisiotto\",\"publisher\":{\"@id\":\"https:\\\/\\\/museidartemendrisiotto.ch\\\/#organization\"},\"potentialAction\":[{\"@type\":\"SearchAction\",\"target\":{\"@type\":\"EntryPoint\",\"urlTemplate\":\"https:\\\/\\\/museidartemendrisiotto.ch\\\/?s={search_term_string}\"},\"query-input\":{\"@type\":\"PropertyValueSpecification\",\"valueRequired\":true,\"valueName\":\"search_term_string\"}}],\"inLanguage\":\"de\"},{\"@type\":\"Organization\",\"@id\":\"https:\\\/\\\/museidartemendrisiotto.ch\\\/#organization\",\"name\":\"Musei d\u2019Arte del Mendrisiotto\",\"url\":\"https:\\\/\\\/museidartemendrisiotto.ch\\\/\",\"logo\":{\"@type\":\"ImageObject\",\"inLanguage\":\"de\",\"@id\":\"https:\\\/\\\/museidartemendrisiotto.ch\\\/#\\\/schema\\\/logo\\\/image\\\/\",\"url\":\"https:\\\/\\\/museidartemendrisiotto.ch\\\/wp-content\\\/uploads\\\/2020\\\/06\\\/logo_mam.png\",\"contentUrl\":\"https:\\\/\\\/museidartemendrisiotto.ch\\\/wp-content\\\/uploads\\\/2020\\\/06\\\/logo_mam.png\",\"width\":350,\"height\":250,\"caption\":\"Musei d\u2019Arte del Mendrisiotto\"},\"image\":{\"@id\":\"https:\\\/\\\/museidartemendrisiotto.ch\\\/#\\\/schema\\\/logo\\\/image\\\/\"}},{\"@type\":\"Person\",\"@id\":\"https:\\\/\\\/museidartemendrisiotto.ch\\\/#\\\/schema\\\/person\\\/a621cc06dca7678c1e386726f2314801\",\"name\":\"Andrea\",\"image\":{\"@type\":\"ImageObject\",\"inLanguage\":\"de\",\"@id\":\"https:\\\/\\\/secure.gravatar.com\\\/avatar\\\/e66c4dd5feff12580d5c2fc71ced2ceec2dca1503028d424768cb231136fdb4c?s=96&d=mm&r=g\",\"url\":\"https:\\\/\\\/secure.gravatar.com\\\/avatar\\\/e66c4dd5feff12580d5c2fc71ced2ceec2dca1503028d424768cb231136fdb4c?s=96&d=mm&r=g\",\"contentUrl\":\"https:\\\/\\\/secure.gravatar.com\\\/avatar\\\/e66c4dd5feff12580d5c2fc71ced2ceec2dca1503028d424768cb231136fdb4c?s=96&d=mm&r=g\",\"caption\":\"Andrea\"}}]}<\/script>\n<!-- \/ Yoast SEO plugin. -->","yoast_head_json":{"title":"- Musei d\u2019Arte del Mendrisiotto","robots":{"index":"index","follow":"follow","max-snippet":"max-snippet:-1","max-image-preview":"max-image-preview:large","max-video-preview":"max-video-preview:-1"},"canonical":"https:\/\/museidartemendrisiotto.ch\/de\/andre-derain-unkonventionell-experimentator\/","og_locale":"de_DE","og_type":"article","og_title":"- Musei d\u2019Arte del Mendrisiotto","og_description":"27.09.2020 \u2013 31.01.2021 Das Museo d\u2019arte Mendrisio hat beschlossen, im Rahmen seiner den grossen Meistern der Moderne gewidmeten Ausstellungst\u00e4tigkeit, eine grosse Retrospektive f\u00fcr Andr\u00e9 Derain zu organisieren. Ziel ist es, alle wesentlichen Aspekte seiner Suche zu erkunden und vor allem die besonderen Merkmale seines komplexen und vielseitigen Schaffens zwischen den beiden Kriegen und bis zu ... Weiterlesen Andre\u0301 Derain.Unkonventionell Experimentator","og_url":"https:\/\/museidartemendrisiotto.ch\/de\/andre-derain-unkonventionell-experimentator\/","og_site_name":"Musei d\u2019Arte del Mendrisiotto","article_published_time":"2020-06-24T07:44:27+00:00","article_modified_time":"2020-09-04T09:17:41+00:00","og_image":[{"width":900,"height":415,"url":"https:\/\/museidartemendrisiotto.ch\/wp-content\/uploads\/2020\/06\/derain.jpg","type":"image\/jpeg"}],"author":"Andrea","twitter_card":"summary_large_image","twitter_misc":{"Verfasst von":"Andrea","Gesch\u00e4tzte Lesezeit":"1\u00a0Minute"},"schema":{"@context":"https:\/\/schema.org","@graph":[{"@type":"Article","@id":"https:\/\/museidartemendrisiotto.ch\/de\/andre-derain-unkonventionell-experimentator\/#article","isPartOf":{"@id":"https:\/\/museidartemendrisiotto.ch\/de\/andre-derain-unkonventionell-experimentator\/"},"author":{"name":"Andrea","@id":"https:\/\/museidartemendrisiotto.ch\/#\/schema\/person\/a621cc06dca7678c1e386726f2314801"},"headline":"Andre\u0301 Derain. Unkonventionell Experimentator","datePublished":"2020-06-24T07:44:27+00:00","dateModified":"2020-09-04T09:17:41+00:00","mainEntityOfPage":{"@id":"https:\/\/museidartemendrisiotto.ch\/de\/andre-derain-unkonventionell-experimentator\/"},"wordCount":195,"publisher":{"@id":"https:\/\/museidartemendrisiotto.ch\/#organization"},"image":{"@id":"https:\/\/museidartemendrisiotto.ch\/de\/andre-derain-unkonventionell-experimentator\/#primaryimage"},"thumbnailUrl":"https:\/\/museidartemendrisiotto.ch\/wp-content\/uploads\/2020\/06\/derain.jpg","keywords":["mostre"],"articleSection":["Museo d\u2019arte Mendrisio"],"inLanguage":"de"},{"@type":"event","@id":"https:\/\/museidartemendrisiotto.ch\/de\/andre-derain-unkonventionell-experimentator\/","url":"https:\/\/museidartemendrisiotto.ch\/de\/andre-derain-unkonventionell-experimentator\/","name":"Andre\u0301 Derain.<br>Unkonventionell Experimentator","isPartOf":{"@id":"https:\/\/museidartemendrisiotto.ch\/#website"},"primaryImageOfPage":{"@id":"https:\/\/museidartemendrisiotto.ch\/de\/andre-derain-unkonventionell-experimentator\/#primaryimage"},"image":["https:\/\/museidartemendrisiotto.ch\/wp-content\/uploads\/2020\/06\/derain.jpg","https:\/\/museidartemendrisiotto.ch\/wp-content\/uploads\/2020\/06\/derain-300x138.jpg","https:\/\/museidartemendrisiotto.ch\/wp-content\/uploads\/2020\/06\/derain.jpg","https:\/\/museidartemendrisiotto.ch\/wp-content\/uploads\/2020\/06\/derain.jpg"],"thumbnailUrl":"https:\/\/museidartemendrisiotto.ch\/wp-content\/uploads\/2020\/06\/derain.jpg","datePublished":"2020-06-24T07:44:27+02:00","dateModified":"2020-09-04T09:17:41+02:00","breadcrumb":{"@id":"https:\/\/museidartemendrisiotto.ch\/de\/andre-derain-unkonventionell-experimentator\/#breadcrumb"},"inLanguage":"de","potentialAction":[{"@type":"ReadAction","target":["https:\/\/museidartemendrisiotto.ch\/de\/andre-derain-unkonventionell-experimentator\/"]}],"@context":"https:\/\/schema.org","startDate":"2020-09-27","endDate":"2021-01-31","eventStatus":"EventScheduled","eventAttendanceMode":"OfflineEventAttendanceMode","location":{"@type":"place","name":"","address":"","geo":{"@type":"GeoCoordinates","latitude":"","longitude":""}},"description":"27.09.2020 \u2013 31.01.2021\r\n\r\nDas Museo d\u2019arte Mendrisio hat beschlossen, im Rahmen seiner den grossen Meistern der Moderne gewidmeten Ausstellungst\u00e4tigkeit, eine grosse Retrospektive f\u00fcr Andr\u00e9 Derain zu organisieren. Ziel ist es, alle wesentlichen Aspekte seiner Suche zu erkunden und vor allem die besonderen Merkmale seines komplexen und vielseitigen Schaffens zwischen den beiden Kriegen und bis zu seinem Tod st\u00e4rker in den Blick zu r\u00fccken sowie neu zu bewerten.\r\n\r\nAnhand der Pr\u00e4sentation von gut hundert Werken f\u00fchrt die Ausstellung durch bestimmte, den zentralen Problemen seiner Suche gewidmete Bereiche: diese umfassen die Gebiete der Malerei, der Zeichnung, der Bildhauerei und seine Arbeiten f\u00fcr das Theater.\r\n\r\nIn einem vom Museo d\u2019arte Mendrisio herausgegebenen, etwa 230 Seiten umfassenden Katalog finden sich Fotografien und Abbildungen von allen in der Ausstellung pr\u00e4sentierten Werken, die durch einleitende Beitr\u00e4ge von Wissenschaftlern und Kuratoren sowie dem \u00fcblichen Anhang mit einer Auswahlbibliografie und einer Liste von Ausstellungen erg\u00e4nzt werden. Dar\u00fcber hinaus werden einige exemplarische theoretische Texte des K\u00fcnstlers aufgenommen, die hier zum ersten Mal in italienischer \u00dcbersetzung erscheinen.\r\n\r\n(Detail)\r\nGenevi\u00e8ve \u00e0 la pomme\r\n1936-37 oder 1937-38\r\nSammlung Genevi\u00e8ve Taillade\r\n\u00a9 2020, ProLitteris, Zurich","offers":{"@type":"Offer"}},{"@type":"ImageObject","inLanguage":"de","@id":"https:\/\/museidartemendrisiotto.ch\/de\/andre-derain-unkonventionell-experimentator\/#primaryimage","url":"https:\/\/museidartemendrisiotto.ch\/wp-content\/uploads\/2020\/06\/derain.jpg","contentUrl":"https:\/\/museidartemendrisiotto.ch\/wp-content\/uploads\/2020\/06\/derain.jpg","width":900,"height":415},{"@type":"BreadcrumbList","@id":"https:\/\/museidartemendrisiotto.ch\/de\/andre-derain-unkonventionell-experimentator\/#breadcrumb","itemListElement":[{"@type":"ListItem","position":1,"name":"Home","item":"https:\/\/museidartemendrisiotto.ch\/de\/"},{"@type":"ListItem","position":2,"name":"Andre\u0301 Derain.Unkonventionell Experimentator"}]},{"@type":"WebSite","@id":"https:\/\/museidartemendrisiotto.ch\/#website","url":"https:\/\/museidartemendrisiotto.ch\/","name":"Musei d\u2019Arte del Mendrisiotto","description":"La rete dei Musei d\u2019Arte del Mendrisiotto (MAM) si propone di rafforzare la visibilit\u00e0, promuovere la conoscenza dei musei del Mendrisiotto","publisher":{"@id":"https:\/\/museidartemendrisiotto.ch\/#organization"},"potentialAction":[{"@type":"SearchAction","target":{"@type":"EntryPoint","urlTemplate":"https:\/\/museidartemendrisiotto.ch\/?s={search_term_string}"},"query-input":{"@type":"PropertyValueSpecification","valueRequired":true,"valueName":"search_term_string"}}],"inLanguage":"de"},{"@type":"Organization","@id":"https:\/\/museidartemendrisiotto.ch\/#organization","name":"Musei d\u2019Arte del Mendrisiotto","url":"https:\/\/museidartemendrisiotto.ch\/","logo":{"@type":"ImageObject","inLanguage":"de","@id":"https:\/\/museidartemendrisiotto.ch\/#\/schema\/logo\/image\/","url":"https:\/\/museidartemendrisiotto.ch\/wp-content\/uploads\/2020\/06\/logo_mam.png","contentUrl":"https:\/\/museidartemendrisiotto.ch\/wp-content\/uploads\/2020\/06\/logo_mam.png","width":350,"height":250,"caption":"Musei d\u2019Arte del Mendrisiotto"},"image":{"@id":"https:\/\/museidartemendrisiotto.ch\/#\/schema\/logo\/image\/"}},{"@type":"Person","@id":"https:\/\/museidartemendrisiotto.ch\/#\/schema\/person\/a621cc06dca7678c1e386726f2314801","name":"Andrea","image":{"@type":"ImageObject","inLanguage":"de","@id":"https:\/\/secure.gravatar.com\/avatar\/e66c4dd5feff12580d5c2fc71ced2ceec2dca1503028d424768cb231136fdb4c?s=96&d=mm&r=g","url":"https:\/\/secure.gravatar.com\/avatar\/e66c4dd5feff12580d5c2fc71ced2ceec2dca1503028d424768cb231136fdb4c?s=96&d=mm&r=g","contentUrl":"https:\/\/secure.gravatar.com\/avatar\/e66c4dd5feff12580d5c2fc71ced2ceec2dca1503028d424768cb231136fdb4c?s=96&d=mm&r=g","caption":"Andrea"}}]}},"_links":{"self":[{"href":"https:\/\/museidartemendrisiotto.ch\/de\/wp-json\/wp\/v2\/posts\/1386","targetHints":{"allow":["GET"]}}],"collection":[{"href":"https:\/\/museidartemendrisiotto.ch\/de\/wp-json\/wp\/v2\/posts"}],"about":[{"href":"https:\/\/museidartemendrisiotto.ch\/de\/wp-json\/wp\/v2\/types\/post"}],"author":[{"embeddable":true,"href":"https:\/\/museidartemendrisiotto.ch\/de\/wp-json\/wp\/v2\/users\/2"}],"replies":[{"embeddable":true,"href":"https:\/\/museidartemendrisiotto.ch\/de\/wp-json\/wp\/v2\/comments?post=1386"}],"version-history":[{"count":1,"href":"https:\/\/museidartemendrisiotto.ch\/de\/wp-json\/wp\/v2\/posts\/1386\/revisions"}],"predecessor-version":[{"id":1387,"href":"https:\/\/museidartemendrisiotto.ch\/de\/wp-json\/wp\/v2\/posts\/1386\/revisions\/1387"}],"wp:featuredmedia":[{"embeddable":true,"href":"https:\/\/museidartemendrisiotto.ch\/de\/wp-json\/wp\/v2\/media\/920"}],"wp:attachment":[{"href":"https:\/\/museidartemendrisiotto.ch\/de\/wp-json\/wp\/v2\/media?parent=1386"}],"wp:term":[{"taxonomy":"category","embeddable":true,"href":"https:\/\/museidartemendrisiotto.ch\/de\/wp-json\/wp\/v2\/categories?post=1386"},{"taxonomy":"post_tag","embeddable":true,"href":"https:\/\/museidartemendrisiotto.ch\/de\/wp-json\/wp\/v2\/tags?post=1386"}],"curies":[{"name":"wp","href":"https:\/\/api.w.org\/{rel}","templated":true}]}}