{"id":4586,"date":"2023-08-31T15:49:00","date_gmt":"2023-08-31T13:49:00","guid":{"rendered":"https:\/\/museidartemendrisiotto.ch\/pass-mam\/"},"modified":"2024-03-15T11:01:46","modified_gmt":"2024-03-15T10:01:46","slug":"pass-mam","status":"publish","type":"post","link":"https:\/\/museidartemendrisiotto.ch\/de\/pass-mam\/","title":{"rendered":"MAM PASS"},"content":{"rendered":"<p><strong>Entdecken Sie die Kunstmuseen des Mendrisiotto mit dem neuen MAM Pass!<\/strong><\/p>\n<p>Der MAM Pass bietet freien Zugang zu den permanenten Sammlungen und tempor\u00e4ren Ausstellungen der Kunstmuseen des Mendrisiotto und ist ab frei w\u00e4hlbarem Datum 1 Jahr lang g\u00fcltig.<\/p>\n<p>Er kann in jedem Museum des MAM Netzwerk zum Preis von <strong>50 CHF.-<\/strong> gekauft werden.<br \/>\nEr ist pers\u00f6nlich und nicht \u00fcbertragbar.<br \/>\nDie P\u00e4sse k\u00f6nnen auch als unpers\u00f6nliche Gutscheine\u00a0bestellt werden.<\/p>\n<p>PARTNERMUSEEN<br \/>\n<strong>m.a.x. museo<\/strong>, Chiasso<br \/>\n<strong>Museo d&#8217;arte Mendrisio<br \/>\n<\/strong><strong>Museo Vincenzo Vela<\/strong>, Ligornetto<br \/>\n<strong>Pinacoteca cantonale Giovanni Z\u00fcst<\/strong>, Rancate<br \/>\n<strong>Teatro dell&#8217;architettura Mendrisio<\/strong><\/p>\n<p>F\u00fcr Informationen schreiben Sie an <a href=\"mailto:info@museidartemendrisiotto.ch\">info@museidartemendrisiotto.ch<\/a><\/p>\n<p>&nbsp;<\/p>\n<p>&nbsp;<\/p>\n<p>&nbsp;<\/p>\n","protected":false},"excerpt":{"rendered":"<p>Entdecken Sie die Kunstmuseen des Mendrisiotto mit dem neuen MAM Pass! Der MAM Pass bietet freien Zugang zu den permanenten Sammlungen und tempor\u00e4ren Ausstellungen der Kunstmuseen des Mendrisiotto und ist ab frei w\u00e4hlbarem Datum 1 Jahr lang g\u00fcltig. Er kann in jedem Museum des MAM Netzwerk zum Preis von 50 CHF.- gekauft werden. Er ist &#8230; <a title=\"MAM PASS\" class=\"read-more\" href=\"https:\/\/museidartemendrisiotto.ch\/de\/pass-mam\/\">Weiterlesen <span class=\"screen-reader-text\">MAM PASS<\/span><\/a><\/p>\n","protected":false},"author":9,"featured_media":4447,"comment_status":"closed","ping_status":"closed","sticky":false,"template":"","format":"standard","meta":{"_monsterinsights_skip_tracking":false,"_monsterinsights_sitenote_active":false,"_monsterinsights_sitenote_note":"","_monsterinsights_sitenote_category":0,"footnotes":"","_links_to":"","_links_to_target":""},"categories":[55],"tags":[31,70],"class_list":["post-4586","post","type-post","status-publish","format-standard","has-post-thumbnail","hentry","category-mam-de","tag-evidenza-de","tag-attualita-de"],"yoast_head":"<!-- This site is optimized with the Yoast SEO plugin v27.4 - https:\/\/yoast.com\/product\/yoast-seo-wordpress\/ -->\n<title>- Musei d\u2019Arte del Mendrisiotto<\/title>\n<meta name=\"robots\" content=\"index, follow, max-snippet:-1, max-image-preview:large, max-video-preview:-1\" \/>\n<link rel=\"canonical\" href=\"https:\/\/museidartemendrisiotto.ch\/de\/pass-mam\/\" \/>\n<meta property=\"og:locale\" content=\"de_DE\" \/>\n<meta property=\"og:type\" content=\"article\" \/>\n<meta property=\"og:title\" content=\"- Musei d\u2019Arte del Mendrisiotto\" \/>\n<meta property=\"og:description\" content=\"Entdecken Sie die Kunstmuseen des Mendrisiotto mit dem neuen MAM Pass! Der MAM Pass bietet freien Zugang zu den permanenten Sammlungen und tempor\u00e4ren Ausstellungen der Kunstmuseen des Mendrisiotto und ist ab frei w\u00e4hlbarem Datum 1 Jahr lang g\u00fcltig. Er kann in jedem Museum des MAM Netzwerk zum Preis von 50 CHF.- gekauft werden. Er ist ... Weiterlesen MAM PASS\" \/>\n<meta property=\"og:url\" content=\"https:\/\/museidartemendrisiotto.ch\/de\/pass-mam\/\" \/>\n<meta property=\"og:site_name\" content=\"Musei d\u2019Arte del Mendrisiotto\" \/>\n<meta property=\"article:published_time\" content=\"2023-08-31T13:49:00+00:00\" \/>\n<meta property=\"article:modified_time\" content=\"2024-03-15T10:01:46+00:00\" \/>\n<meta property=\"og:image\" content=\"https:\/\/museidartemendrisiotto.ch\/wp-content\/uploads\/2023\/08\/2eac42cd-e230-42f4-8be8-ec6d056b9a1b-3.jpeg\" \/>\n\t<meta property=\"og:image:width\" content=\"900\" \/>\n\t<meta property=\"og:image:height\" content=\"415\" \/>\n\t<meta property=\"og:image:type\" content=\"image\/jpeg\" \/>\n<meta name=\"author\" content=\"rebecca.maspoli\" \/>\n<meta name=\"twitter:card\" content=\"summary_large_image\" \/>\n<meta name=\"twitter:label1\" content=\"Verfasst von\" \/>\n\t<meta name=\"twitter:data1\" content=\"rebecca.maspoli\" \/>\n\t<meta name=\"twitter:label2\" content=\"Gesch\u00e4tzte Lesezeit\" \/>\n\t<meta name=\"twitter:data2\" content=\"1\u00a0Minute\" \/>\n<script type=\"application\/ld+json\" class=\"yoast-schema-graph\">{\"@context\":\"https:\\\/\\\/schema.org\",\"@graph\":[{\"@type\":\"Article\",\"@id\":\"https:\\\/\\\/museidartemendrisiotto.ch\\\/de\\\/pass-mam\\\/#article\",\"isPartOf\":{\"@id\":\"https:\\\/\\\/museidartemendrisiotto.ch\\\/de\\\/pass-mam\\\/\"},\"author\":{\"name\":\"rebecca.maspoli\",\"@id\":\"https:\\\/\\\/museidartemendrisiotto.ch\\\/#\\\/schema\\\/person\\\/07a2587aedb8d3a7d2ad98a08959a011\"},\"headline\":\"MAM PASS\",\"datePublished\":\"2023-08-31T13:49:00+00:00\",\"dateModified\":\"2024-03-15T10:01:46+00:00\",\"mainEntityOfPage\":{\"@id\":\"https:\\\/\\\/museidartemendrisiotto.ch\\\/de\\\/pass-mam\\\/\"},\"wordCount\":112,\"publisher\":{\"@id\":\"https:\\\/\\\/museidartemendrisiotto.ch\\\/#organization\"},\"image\":{\"@id\":\"https:\\\/\\\/museidartemendrisiotto.ch\\\/de\\\/pass-mam\\\/#primaryimage\"},\"thumbnailUrl\":\"https:\\\/\\\/museidartemendrisiotto.ch\\\/wp-content\\\/uploads\\\/2023\\\/08\\\/2eac42cd-e230-42f4-8be8-ec6d056b9a1b-3.jpeg\",\"keywords\":[\"evidenza\",\"Attualit\u00e0\"],\"articleSection\":[\"Musei d&#8217;Arte del Mendrisiotto\"],\"inLanguage\":\"de\"},{\"@type\":\"event\",\"@id\":\"https:\\\/\\\/museidartemendrisiotto.ch\\\/de\\\/pass-mam\\\/\",\"url\":\"https:\\\/\\\/museidartemendrisiotto.ch\\\/de\\\/pass-mam\\\/\",\"name\":\"MAM PASS\",\"isPartOf\":{\"@id\":\"https:\\\/\\\/museidartemendrisiotto.ch\\\/#website\"},\"primaryImageOfPage\":{\"@id\":\"https:\\\/\\\/museidartemendrisiotto.ch\\\/de\\\/pass-mam\\\/#primaryimage\"},\"image\":[\"https:\\\/\\\/museidartemendrisiotto.ch\\\/wp-content\\\/uploads\\\/2023\\\/08\\\/2eac42cd-e230-42f4-8be8-ec6d056b9a1b-3.jpeg\",\"https:\\\/\\\/museidartemendrisiotto.ch\\\/wp-content\\\/uploads\\\/2023\\\/08\\\/2eac42cd-e230-42f4-8be8-ec6d056b9a1b-3-300x138.jpeg\",\"https:\\\/\\\/museidartemendrisiotto.ch\\\/wp-content\\\/uploads\\\/2023\\\/08\\\/2eac42cd-e230-42f4-8be8-ec6d056b9a1b-3.jpeg\",\"https:\\\/\\\/museidartemendrisiotto.ch\\\/wp-content\\\/uploads\\\/2023\\\/08\\\/2eac42cd-e230-42f4-8be8-ec6d056b9a1b-3.jpeg\"],\"thumbnailUrl\":\"https:\\\/\\\/museidartemendrisiotto.ch\\\/wp-content\\\/uploads\\\/2023\\\/08\\\/2eac42cd-e230-42f4-8be8-ec6d056b9a1b-3.jpeg\",\"datePublished\":\"2023-08-31T13:49:00+02:00\",\"dateModified\":\"2024-03-15T10:01:46+02:00\",\"breadcrumb\":{\"@id\":\"https:\\\/\\\/museidartemendrisiotto.ch\\\/de\\\/pass-mam\\\/#breadcrumb\"},\"inLanguage\":\"de\",\"potentialAction\":[{\"@type\":\"ReadAction\",\"target\":[\"https:\\\/\\\/museidartemendrisiotto.ch\\\/de\\\/pass-mam\\\/\"]}],\"@context\":\"https:\\\/\\\/schema.org\",\"startDate\":\"2022-09-30\",\"endDate\":\"2028-09-30\",\"eventStatus\":\"EventScheduled\",\"eventAttendanceMode\":\"OfflineEventAttendanceMode\",\"location\":{\"@type\":\"place\",\"name\":\"\",\"address\":\"\",\"geo\":{\"@type\":\"GeoCoordinates\",\"latitude\":\"\",\"longitude\":\"\"}},\"description\":\"Entdecken Sie die Kunstmuseen des Mendrisiotto mit dem neuen MAM Pass!\\r\\n\\r\\nDer MAM Pass bietet freien Zugang zu den permanenten Sammlungen und tempor\u00e4ren Ausstellungen der Kunstmuseen des Mendrisiotto und ist ab frei w\u00e4hlbarem Datum 1 Jahr lang g\u00fcltig.\\r\\n\\r\\nEr kann in jedem Museum des MAM Netzwerk zum Preis von 50 CHF.- gekauft werden.\\r\\nEr ist pers\u00f6nlich und nicht \u00fcbertragbar.\\r\\nDie P\u00e4sse k\u00f6nnen auch als unpers\u00f6nliche Gutscheine\u00a0bestellt werden.\\r\\n\\r\\nPARTNERMUSEEN\\r\\nm.a.x. museo, Chiasso\\r\\nMuseo d'arte Mendrisio\\r\\nMuseo Vincenzo Vela, Ligornetto\\r\\nPinacoteca cantonale Giovanni Z\u00fcst, Rancate\\r\\nTeatro dell'architettura Mendrisio\\r\\n\\r\\nF\u00fcr Informationen schreiben Sie an info@museidartemendrisiotto.ch\\r\\n\\r\\n \\r\\n\\r\\n \\r\\n\\r\\n \",\"offers\":{\"@type\":\"Offer\"}},{\"@type\":\"ImageObject\",\"inLanguage\":\"de\",\"@id\":\"https:\\\/\\\/museidartemendrisiotto.ch\\\/de\\\/pass-mam\\\/#primaryimage\",\"url\":\"https:\\\/\\\/museidartemendrisiotto.ch\\\/wp-content\\\/uploads\\\/2023\\\/08\\\/2eac42cd-e230-42f4-8be8-ec6d056b9a1b-3.jpeg\",\"contentUrl\":\"https:\\\/\\\/museidartemendrisiotto.ch\\\/wp-content\\\/uploads\\\/2023\\\/08\\\/2eac42cd-e230-42f4-8be8-ec6d056b9a1b-3.jpeg\",\"width\":900,\"height\":415},{\"@type\":\"BreadcrumbList\",\"@id\":\"https:\\\/\\\/museidartemendrisiotto.ch\\\/de\\\/pass-mam\\\/#breadcrumb\",\"itemListElement\":[{\"@type\":\"ListItem\",\"position\":1,\"name\":\"Home\",\"item\":\"https:\\\/\\\/museidartemendrisiotto.ch\\\/de\\\/\"},{\"@type\":\"ListItem\",\"position\":2,\"name\":\"MAM PASS\"}]},{\"@type\":\"WebSite\",\"@id\":\"https:\\\/\\\/museidartemendrisiotto.ch\\\/#website\",\"url\":\"https:\\\/\\\/museidartemendrisiotto.ch\\\/\",\"name\":\"Musei d\u2019Arte del Mendrisiotto\",\"description\":\"La rete dei Musei d\u2019Arte del Mendrisiotto (MAM) si propone di rafforzare la visibilit\u00e0, promuovere la conoscenza dei musei del Mendrisiotto\",\"publisher\":{\"@id\":\"https:\\\/\\\/museidartemendrisiotto.ch\\\/#organization\"},\"potentialAction\":[{\"@type\":\"SearchAction\",\"target\":{\"@type\":\"EntryPoint\",\"urlTemplate\":\"https:\\\/\\\/museidartemendrisiotto.ch\\\/?s={search_term_string}\"},\"query-input\":{\"@type\":\"PropertyValueSpecification\",\"valueRequired\":true,\"valueName\":\"search_term_string\"}}],\"inLanguage\":\"de\"},{\"@type\":\"Organization\",\"@id\":\"https:\\\/\\\/museidartemendrisiotto.ch\\\/#organization\",\"name\":\"Musei d\u2019Arte del Mendrisiotto\",\"url\":\"https:\\\/\\\/museidartemendrisiotto.ch\\\/\",\"logo\":{\"@type\":\"ImageObject\",\"inLanguage\":\"de\",\"@id\":\"https:\\\/\\\/museidartemendrisiotto.ch\\\/#\\\/schema\\\/logo\\\/image\\\/\",\"url\":\"https:\\\/\\\/museidartemendrisiotto.ch\\\/wp-content\\\/uploads\\\/2020\\\/06\\\/logo_mam.png\",\"contentUrl\":\"https:\\\/\\\/museidartemendrisiotto.ch\\\/wp-content\\\/uploads\\\/2020\\\/06\\\/logo_mam.png\",\"width\":350,\"height\":250,\"caption\":\"Musei d\u2019Arte del Mendrisiotto\"},\"image\":{\"@id\":\"https:\\\/\\\/museidartemendrisiotto.ch\\\/#\\\/schema\\\/logo\\\/image\\\/\"}},{\"@type\":\"Person\",\"@id\":\"https:\\\/\\\/museidartemendrisiotto.ch\\\/#\\\/schema\\\/person\\\/07a2587aedb8d3a7d2ad98a08959a011\",\"name\":\"rebecca.maspoli\",\"image\":{\"@type\":\"ImageObject\",\"inLanguage\":\"de\",\"@id\":\"https:\\\/\\\/secure.gravatar.com\\\/avatar\\\/8eb20f31dcf75e20617a614b0e85501b6ad78fb1a0795c54bd53ddff54b7b6a4?s=96&d=mm&r=g\",\"url\":\"https:\\\/\\\/secure.gravatar.com\\\/avatar\\\/8eb20f31dcf75e20617a614b0e85501b6ad78fb1a0795c54bd53ddff54b7b6a4?s=96&d=mm&r=g\",\"contentUrl\":\"https:\\\/\\\/secure.gravatar.com\\\/avatar\\\/8eb20f31dcf75e20617a614b0e85501b6ad78fb1a0795c54bd53ddff54b7b6a4?s=96&d=mm&r=g\",\"caption\":\"rebecca.maspoli\"}}]}<\/script>\n<!-- \/ Yoast SEO plugin. -->","yoast_head_json":{"title":"- Musei d\u2019Arte del Mendrisiotto","robots":{"index":"index","follow":"follow","max-snippet":"max-snippet:-1","max-image-preview":"max-image-preview:large","max-video-preview":"max-video-preview:-1"},"canonical":"https:\/\/museidartemendrisiotto.ch\/de\/pass-mam\/","og_locale":"de_DE","og_type":"article","og_title":"- Musei d\u2019Arte del Mendrisiotto","og_description":"Entdecken Sie die Kunstmuseen des Mendrisiotto mit dem neuen MAM Pass! Der MAM Pass bietet freien Zugang zu den permanenten Sammlungen und tempor\u00e4ren Ausstellungen der Kunstmuseen des Mendrisiotto und ist ab frei w\u00e4hlbarem Datum 1 Jahr lang g\u00fcltig. Er kann in jedem Museum des MAM Netzwerk zum Preis von 50 CHF.- gekauft werden. Er ist ... Weiterlesen MAM PASS","og_url":"https:\/\/museidartemendrisiotto.ch\/de\/pass-mam\/","og_site_name":"Musei d\u2019Arte del Mendrisiotto","article_published_time":"2023-08-31T13:49:00+00:00","article_modified_time":"2024-03-15T10:01:46+00:00","og_image":[{"width":900,"height":415,"url":"https:\/\/museidartemendrisiotto.ch\/wp-content\/uploads\/2023\/08\/2eac42cd-e230-42f4-8be8-ec6d056b9a1b-3.jpeg","type":"image\/jpeg"}],"author":"rebecca.maspoli","twitter_card":"summary_large_image","twitter_misc":{"Verfasst von":"rebecca.maspoli","Gesch\u00e4tzte Lesezeit":"1\u00a0Minute"},"schema":{"@context":"https:\/\/schema.org","@graph":[{"@type":"Article","@id":"https:\/\/museidartemendrisiotto.ch\/de\/pass-mam\/#article","isPartOf":{"@id":"https:\/\/museidartemendrisiotto.ch\/de\/pass-mam\/"},"author":{"name":"rebecca.maspoli","@id":"https:\/\/museidartemendrisiotto.ch\/#\/schema\/person\/07a2587aedb8d3a7d2ad98a08959a011"},"headline":"MAM PASS","datePublished":"2023-08-31T13:49:00+00:00","dateModified":"2024-03-15T10:01:46+00:00","mainEntityOfPage":{"@id":"https:\/\/museidartemendrisiotto.ch\/de\/pass-mam\/"},"wordCount":112,"publisher":{"@id":"https:\/\/museidartemendrisiotto.ch\/#organization"},"image":{"@id":"https:\/\/museidartemendrisiotto.ch\/de\/pass-mam\/#primaryimage"},"thumbnailUrl":"https:\/\/museidartemendrisiotto.ch\/wp-content\/uploads\/2023\/08\/2eac42cd-e230-42f4-8be8-ec6d056b9a1b-3.jpeg","keywords":["evidenza","Attualit\u00e0"],"articleSection":["Musei d&#8217;Arte del Mendrisiotto"],"inLanguage":"de"},{"@type":"event","@id":"https:\/\/museidartemendrisiotto.ch\/de\/pass-mam\/","url":"https:\/\/museidartemendrisiotto.ch\/de\/pass-mam\/","name":"MAM PASS","isPartOf":{"@id":"https:\/\/museidartemendrisiotto.ch\/#website"},"primaryImageOfPage":{"@id":"https:\/\/museidartemendrisiotto.ch\/de\/pass-mam\/#primaryimage"},"image":["https:\/\/museidartemendrisiotto.ch\/wp-content\/uploads\/2023\/08\/2eac42cd-e230-42f4-8be8-ec6d056b9a1b-3.jpeg","https:\/\/museidartemendrisiotto.ch\/wp-content\/uploads\/2023\/08\/2eac42cd-e230-42f4-8be8-ec6d056b9a1b-3-300x138.jpeg","https:\/\/museidartemendrisiotto.ch\/wp-content\/uploads\/2023\/08\/2eac42cd-e230-42f4-8be8-ec6d056b9a1b-3.jpeg","https:\/\/museidartemendrisiotto.ch\/wp-content\/uploads\/2023\/08\/2eac42cd-e230-42f4-8be8-ec6d056b9a1b-3.jpeg"],"thumbnailUrl":"https:\/\/museidartemendrisiotto.ch\/wp-content\/uploads\/2023\/08\/2eac42cd-e230-42f4-8be8-ec6d056b9a1b-3.jpeg","datePublished":"2023-08-31T13:49:00+02:00","dateModified":"2024-03-15T10:01:46+02:00","breadcrumb":{"@id":"https:\/\/museidartemendrisiotto.ch\/de\/pass-mam\/#breadcrumb"},"inLanguage":"de","potentialAction":[{"@type":"ReadAction","target":["https:\/\/museidartemendrisiotto.ch\/de\/pass-mam\/"]}],"@context":"https:\/\/schema.org","startDate":"2022-09-30","endDate":"2028-09-30","eventStatus":"EventScheduled","eventAttendanceMode":"OfflineEventAttendanceMode","location":{"@type":"place","name":"","address":"","geo":{"@type":"GeoCoordinates","latitude":"","longitude":""}},"description":"Entdecken Sie die Kunstmuseen des Mendrisiotto mit dem neuen MAM Pass!\r\n\r\nDer MAM Pass bietet freien Zugang zu den permanenten Sammlungen und tempor\u00e4ren Ausstellungen der Kunstmuseen des Mendrisiotto und ist ab frei w\u00e4hlbarem Datum 1 Jahr lang g\u00fcltig.\r\n\r\nEr kann in jedem Museum des MAM Netzwerk zum Preis von 50 CHF.- gekauft werden.\r\nEr ist pers\u00f6nlich und nicht \u00fcbertragbar.\r\nDie P\u00e4sse k\u00f6nnen auch als unpers\u00f6nliche Gutscheine\u00a0bestellt werden.\r\n\r\nPARTNERMUSEEN\r\nm.a.x. museo, Chiasso\r\nMuseo d'arte Mendrisio\r\nMuseo Vincenzo Vela, Ligornetto\r\nPinacoteca cantonale Giovanni Z\u00fcst, Rancate\r\nTeatro dell'architettura Mendrisio\r\n\r\nF\u00fcr Informationen schreiben Sie an info@museidartemendrisiotto.ch\r\n\r\n \r\n\r\n \r\n\r\n ","offers":{"@type":"Offer"}},{"@type":"ImageObject","inLanguage":"de","@id":"https:\/\/museidartemendrisiotto.ch\/de\/pass-mam\/#primaryimage","url":"https:\/\/museidartemendrisiotto.ch\/wp-content\/uploads\/2023\/08\/2eac42cd-e230-42f4-8be8-ec6d056b9a1b-3.jpeg","contentUrl":"https:\/\/museidartemendrisiotto.ch\/wp-content\/uploads\/2023\/08\/2eac42cd-e230-42f4-8be8-ec6d056b9a1b-3.jpeg","width":900,"height":415},{"@type":"BreadcrumbList","@id":"https:\/\/museidartemendrisiotto.ch\/de\/pass-mam\/#breadcrumb","itemListElement":[{"@type":"ListItem","position":1,"name":"Home","item":"https:\/\/museidartemendrisiotto.ch\/de\/"},{"@type":"ListItem","position":2,"name":"MAM PASS"}]},{"@type":"WebSite","@id":"https:\/\/museidartemendrisiotto.ch\/#website","url":"https:\/\/museidartemendrisiotto.ch\/","name":"Musei d\u2019Arte del Mendrisiotto","description":"La rete dei Musei d\u2019Arte del Mendrisiotto (MAM) si propone di rafforzare la visibilit\u00e0, promuovere la conoscenza dei musei del Mendrisiotto","publisher":{"@id":"https:\/\/museidartemendrisiotto.ch\/#organization"},"potentialAction":[{"@type":"SearchAction","target":{"@type":"EntryPoint","urlTemplate":"https:\/\/museidartemendrisiotto.ch\/?s={search_term_string}"},"query-input":{"@type":"PropertyValueSpecification","valueRequired":true,"valueName":"search_term_string"}}],"inLanguage":"de"},{"@type":"Organization","@id":"https:\/\/museidartemendrisiotto.ch\/#organization","name":"Musei d\u2019Arte del Mendrisiotto","url":"https:\/\/museidartemendrisiotto.ch\/","logo":{"@type":"ImageObject","inLanguage":"de","@id":"https:\/\/museidartemendrisiotto.ch\/#\/schema\/logo\/image\/","url":"https:\/\/museidartemendrisiotto.ch\/wp-content\/uploads\/2020\/06\/logo_mam.png","contentUrl":"https:\/\/museidartemendrisiotto.ch\/wp-content\/uploads\/2020\/06\/logo_mam.png","width":350,"height":250,"caption":"Musei d\u2019Arte del Mendrisiotto"},"image":{"@id":"https:\/\/museidartemendrisiotto.ch\/#\/schema\/logo\/image\/"}},{"@type":"Person","@id":"https:\/\/museidartemendrisiotto.ch\/#\/schema\/person\/07a2587aedb8d3a7d2ad98a08959a011","name":"rebecca.maspoli","image":{"@type":"ImageObject","inLanguage":"de","@id":"https:\/\/secure.gravatar.com\/avatar\/8eb20f31dcf75e20617a614b0e85501b6ad78fb1a0795c54bd53ddff54b7b6a4?s=96&d=mm&r=g","url":"https:\/\/secure.gravatar.com\/avatar\/8eb20f31dcf75e20617a614b0e85501b6ad78fb1a0795c54bd53ddff54b7b6a4?s=96&d=mm&r=g","contentUrl":"https:\/\/secure.gravatar.com\/avatar\/8eb20f31dcf75e20617a614b0e85501b6ad78fb1a0795c54bd53ddff54b7b6a4?s=96&d=mm&r=g","caption":"rebecca.maspoli"}}]}},"_links":{"self":[{"href":"https:\/\/museidartemendrisiotto.ch\/de\/wp-json\/wp\/v2\/posts\/4586","targetHints":{"allow":["GET"]}}],"collection":[{"href":"https:\/\/museidartemendrisiotto.ch\/de\/wp-json\/wp\/v2\/posts"}],"about":[{"href":"https:\/\/museidartemendrisiotto.ch\/de\/wp-json\/wp\/v2\/types\/post"}],"author":[{"embeddable":true,"href":"https:\/\/museidartemendrisiotto.ch\/de\/wp-json\/wp\/v2\/users\/9"}],"replies":[{"embeddable":true,"href":"https:\/\/museidartemendrisiotto.ch\/de\/wp-json\/wp\/v2\/comments?post=4586"}],"version-history":[{"count":5,"href":"https:\/\/museidartemendrisiotto.ch\/de\/wp-json\/wp\/v2\/posts\/4586\/revisions"}],"predecessor-version":[{"id":5389,"href":"https:\/\/museidartemendrisiotto.ch\/de\/wp-json\/wp\/v2\/posts\/4586\/revisions\/5389"}],"wp:featuredmedia":[{"embeddable":true,"href":"https:\/\/museidartemendrisiotto.ch\/de\/wp-json\/wp\/v2\/media\/4447"}],"wp:attachment":[{"href":"https:\/\/museidartemendrisiotto.ch\/de\/wp-json\/wp\/v2\/media?parent=4586"}],"wp:term":[{"taxonomy":"category","embeddable":true,"href":"https:\/\/museidartemendrisiotto.ch\/de\/wp-json\/wp\/v2\/categories?post=4586"},{"taxonomy":"post_tag","embeddable":true,"href":"https:\/\/museidartemendrisiotto.ch\/de\/wp-json\/wp\/v2\/tags?post=4586"}],"curies":[{"name":"wp","href":"https:\/\/api.w.org\/{rel}","templated":true}]}}