{"id":6942,"date":"2024-10-18T09:34:26","date_gmt":"2024-10-18T07:34:26","guid":{"rendered":"https:\/\/museidartemendrisiotto.ch\/spartaco-vela\/"},"modified":"2025-01-29T18:20:51","modified_gmt":"2025-01-29T17:20:51","slug":"spartaco-vela","status":"publish","type":"post","link":"https:\/\/museidartemendrisiotto.ch\/de\/spartaco-vela\/","title":{"rendered":"SPARTACO VELA. Impressioni dal vero."},"content":{"rendered":"<p>Ausstellung kuratiert von Antonia Nessi und Anita Guglielmetti.<\/p>\n<p>Das Museo Vincenzo Vela er\u00f6ffnet seine Ausstellungssaison mit einer umfassenden Schau zum Maler Spartaco Vela (1854-1895), dem einzigen Sohn des bedeutenden Tessiner Bildhauers und dessen Frau Sabina Dragoni. Anders als die Interpretationen, die ihn auf die Rolle des \u00abK\u00fcnstlersohns\u00bb beschr\u00e4nken, l\u00e4dt die Ausstellung dazu ein, Spartaco Vela als K\u00fcnstler mit einer soliden Ausbildung zu entdecken, der als sensibler Interpret in der Kunst- und Kulturszene seiner Zeit wirkte. Eine repr\u00e4sentative Auswahl seiner Gem\u00e4lde und Zeichnungen aus der Sammlung des Museo Vela wird dem Publikum erstmals im Rahmen einer thematischen Ausstellungsgestaltung pr\u00e4sentiert.<\/p>\n<p><strong>Er\u00f6ffnung<\/strong><br \/>\nSamstag, 9. November 2024, 17.00<\/p>\n<p><strong>Dauer der Ausstellung<\/strong><br \/>\n10.11.2024 &#8211; 27.04.2025<\/p>\n<p><strong>\u00d6ffnungszeiten<br \/>\n<\/strong>Dienstag &#8211; Freitag<br \/>\n10.00 \u2013 17.00<br \/>\nSamstag und Sonntag<br \/>\n10.00 \u2013 18.00<\/p>\n<p>Montags geschlossen.<br \/>\nJeden Mittwoch freier Eintritt.<\/p>\n<p><strong>Besondere Er\u00f6ffnungen<br \/>\n<\/strong>8. Dezember 2024<br \/>\n6. Januar 2025<br \/>\n19. M\u00e4rz 2025<br \/>\n21. April 2025 (Ostermontag)<\/p>\n<p><strong>Geschlossen<\/strong><br \/>\n24.\u201326. Dezember<br \/>\n1. Januar<\/p>\n<p><a href=\"https:\/\/www.museo-vela.ch\/vela\/it\/home\/info\/info.html\" target=\"_blank\" rel=\"noopener\">MEHR INFO<\/a><\/p>\n","protected":false},"excerpt":{"rendered":"<p>Ausstellung kuratiert von Antonia Nessi und Anita Guglielmetti. Das Museo Vincenzo Vela er\u00f6ffnet seine Ausstellungssaison mit einer umfassenden Schau zum Maler Spartaco Vela (1854-1895), dem einzigen Sohn des bedeutenden Tessiner Bildhauers und dessen Frau Sabina Dragoni. Anders als die Interpretationen, die ihn auf die Rolle des \u00abK\u00fcnstlersohns\u00bb beschr\u00e4nken, l\u00e4dt die Ausstellung dazu ein, Spartaco Vela &#8230; <a title=\"SPARTACO VELA. Impressioni dal vero.\" class=\"read-more\" href=\"https:\/\/museidartemendrisiotto.ch\/de\/spartaco-vela\/\">Weiterlesen <span class=\"screen-reader-text\">SPARTACO VELA. Impressioni dal vero.<\/span><\/a><\/p>\n","protected":false},"author":9,"featured_media":6927,"comment_status":"closed","ping_status":"closed","sticky":false,"template":"","format":"standard","meta":{"_monsterinsights_skip_tracking":false,"_monsterinsights_sitenote_active":false,"_monsterinsights_sitenote_note":"","_monsterinsights_sitenote_category":0,"footnotes":"","_links_to":"","_links_to_target":""},"categories":[5],"tags":[56],"class_list":["post-6942","post","type-post","status-publish","format-standard","has-post-thumbnail","hentry","category-museo-vela-de","tag-mostre-de"],"yoast_head":"<!-- This site is optimized with the Yoast SEO plugin v27.4 - https:\/\/yoast.com\/product\/yoast-seo-wordpress\/ -->\n<title>SPARTACO VELA. Impressioni dal vero.<\/title>\n<meta name=\"description\" content=\"Museo Vincenzo Vela, 10.11.2024 - 27.04.2025\" \/>\n<meta name=\"robots\" content=\"index, follow, max-snippet:-1, max-image-preview:large, max-video-preview:-1\" \/>\n<link rel=\"canonical\" href=\"https:\/\/museidartemendrisiotto.ch\/de\/spartaco-vela\/\" \/>\n<meta property=\"og:locale\" content=\"de_DE\" \/>\n<meta property=\"og:type\" content=\"article\" \/>\n<meta property=\"og:title\" content=\"SPARTACO VELA. Impressioni dal vero.\" \/>\n<meta property=\"og:description\" content=\"Museo Vincenzo Vela, 10.11.2024 - 27.04.2025\" \/>\n<meta property=\"og:url\" content=\"https:\/\/museidartemendrisiotto.ch\/de\/spartaco-vela\/\" \/>\n<meta property=\"og:site_name\" content=\"Musei d\u2019Arte del Mendrisiotto\" \/>\n<meta property=\"article:published_time\" content=\"2024-10-18T07:34:26+00:00\" \/>\n<meta property=\"article:modified_time\" content=\"2025-01-29T17:20:51+00:00\" \/>\n<meta property=\"og:image\" content=\"https:\/\/museidartemendrisiotto.ch\/wp-content\/uploads\/2024\/10\/Spartaco-Vela.jpg\" \/>\n\t<meta property=\"og:image:width\" content=\"900\" \/>\n\t<meta property=\"og:image:height\" content=\"415\" \/>\n\t<meta property=\"og:image:type\" content=\"image\/jpeg\" \/>\n<meta name=\"author\" content=\"rebecca.maspoli\" \/>\n<meta name=\"twitter:card\" content=\"summary_large_image\" \/>\n<meta name=\"twitter:label1\" content=\"Verfasst von\" \/>\n\t<meta name=\"twitter:data1\" content=\"rebecca.maspoli\" \/>\n\t<meta name=\"twitter:label2\" content=\"Gesch\u00e4tzte Lesezeit\" \/>\n\t<meta name=\"twitter:data2\" content=\"1\u00a0Minute\" \/>\n<script type=\"application\/ld+json\" class=\"yoast-schema-graph\">{\"@context\":\"https:\\\/\\\/schema.org\",\"@graph\":[{\"@type\":\"Article\",\"@id\":\"https:\\\/\\\/museidartemendrisiotto.ch\\\/de\\\/spartaco-vela\\\/#article\",\"isPartOf\":{\"@id\":\"https:\\\/\\\/museidartemendrisiotto.ch\\\/de\\\/spartaco-vela\\\/\"},\"author\":{\"name\":\"rebecca.maspoli\",\"@id\":\"https:\\\/\\\/museidartemendrisiotto.ch\\\/#\\\/schema\\\/person\\\/07a2587aedb8d3a7d2ad98a08959a011\"},\"headline\":\"SPARTACO VELA. Impressioni dal vero.\",\"datePublished\":\"2024-10-18T07:34:26+00:00\",\"dateModified\":\"2025-01-29T17:20:51+00:00\",\"mainEntityOfPage\":{\"@id\":\"https:\\\/\\\/museidartemendrisiotto.ch\\\/de\\\/spartaco-vela\\\/\"},\"wordCount\":146,\"publisher\":{\"@id\":\"https:\\\/\\\/museidartemendrisiotto.ch\\\/#organization\"},\"image\":{\"@id\":\"https:\\\/\\\/museidartemendrisiotto.ch\\\/de\\\/spartaco-vela\\\/#primaryimage\"},\"thumbnailUrl\":\"https:\\\/\\\/museidartemendrisiotto.ch\\\/wp-content\\\/uploads\\\/2024\\\/10\\\/Spartaco-Vela.jpg\",\"keywords\":[\"mostre\"],\"articleSection\":[\"Museo Vincenzo Vela\"],\"inLanguage\":\"de\"},{\"@type\":\"event\",\"@id\":\"https:\\\/\\\/museidartemendrisiotto.ch\\\/de\\\/spartaco-vela\\\/\",\"url\":\"https:\\\/\\\/museidartemendrisiotto.ch\\\/de\\\/spartaco-vela\\\/\",\"name\":\"SPARTACO VELA. Impressioni dal vero.\",\"isPartOf\":{\"@id\":\"https:\\\/\\\/museidartemendrisiotto.ch\\\/#website\"},\"primaryImageOfPage\":{\"@id\":\"https:\\\/\\\/museidartemendrisiotto.ch\\\/de\\\/spartaco-vela\\\/#primaryimage\"},\"image\":[\"https:\\\/\\\/museidartemendrisiotto.ch\\\/wp-content\\\/uploads\\\/2024\\\/10\\\/Spartaco-Vela.jpg\",\"https:\\\/\\\/museidartemendrisiotto.ch\\\/wp-content\\\/uploads\\\/2024\\\/10\\\/Spartaco-Vela-300x138.jpg\",\"https:\\\/\\\/museidartemendrisiotto.ch\\\/wp-content\\\/uploads\\\/2024\\\/10\\\/Spartaco-Vela.jpg\",\"https:\\\/\\\/museidartemendrisiotto.ch\\\/wp-content\\\/uploads\\\/2024\\\/10\\\/Spartaco-Vela.jpg\"],\"thumbnailUrl\":\"https:\\\/\\\/museidartemendrisiotto.ch\\\/wp-content\\\/uploads\\\/2024\\\/10\\\/Spartaco-Vela.jpg\",\"datePublished\":\"2024-10-18T07:34:26+02:00\",\"dateModified\":\"2025-01-29T17:20:51+02:00\",\"description\":\"Ausstellung kuratiert von Antonia Nessi und Anita Guglielmetti.\\r\\n\\r\\nDas Museo Vincenzo Vela er\u00f6ffnet seine Ausstellungssaison mit einer umfassenden Schau zum Maler Spartaco Vela (1854-1895), dem einzigen Sohn des bedeutenden Tessiner Bildhauers und dessen Frau Sabina Dragoni. Anders als die Interpretationen, die ihn auf die Rolle des \u00abK\u00fcnstlersohns\u00bb beschr\u00e4nken, l\u00e4dt die Ausstellung dazu ein, Spartaco Vela als K\u00fcnstler mit einer soliden Ausbildung zu entdecken, der als sensibler Interpret in der Kunst- und Kulturszene seiner Zeit wirkte. Eine repr\u00e4sentative Auswahl seiner Gem\u00e4lde und Zeichnungen aus der Sammlung des Museo Vela wird dem Publikum erstmals im Rahmen einer thematischen Ausstellungsgestaltung pr\u00e4sentiert.\\r\\n\\r\\nEr\u00f6ffnung\\r\\nSamstag, 9. November 2024, 17.00\\r\\n\\r\\nDauer der Ausstellung\\r\\n10.11.2024 - 27.04.2025\\r\\n\\r\\n\u00d6ffnungszeiten\\r\\nDienstag - Freitag\\r\\n10.00 \u2013 17.00\\r\\nSamstag und Sonntag\\r\\n10.00 \u2013 18.00\\r\\n\\r\\nMontags geschlossen.\\r\\nJeden Mittwoch freier Eintritt.\\r\\n\\r\\nBesondere Er\u00f6ffnungen\\r\\n8. Dezember 2024\\r\\n6. Januar 2025\\r\\n19. M\u00e4rz 2025\\r\\n21. April 2025 (Ostermontag)\\r\\n\\r\\nGeschlossen\\r\\n24.\u201326. Dezember\\r\\n1. Januar\\r\\n\\r\\nMEHR INFO\",\"breadcrumb\":{\"@id\":\"https:\\\/\\\/museidartemendrisiotto.ch\\\/de\\\/spartaco-vela\\\/#breadcrumb\"},\"inLanguage\":\"de\",\"potentialAction\":[{\"@type\":\"ReadAction\",\"target\":[\"https:\\\/\\\/museidartemendrisiotto.ch\\\/de\\\/spartaco-vela\\\/\"]}],\"@context\":\"https:\\\/\\\/schema.org\",\"startDate\":\"2024-11-10\",\"endDate\":\"2025-04-27\",\"eventStatus\":\"EventScheduled\",\"eventAttendanceMode\":\"OfflineEventAttendanceMode\",\"location\":{\"@type\":\"place\",\"name\":\"\",\"address\":\"\",\"geo\":{\"@type\":\"GeoCoordinates\",\"latitude\":\"\",\"longitude\":\"\"}},\"offers\":{\"@type\":\"Offer\"}},{\"@type\":\"ImageObject\",\"inLanguage\":\"de\",\"@id\":\"https:\\\/\\\/museidartemendrisiotto.ch\\\/de\\\/spartaco-vela\\\/#primaryimage\",\"url\":\"https:\\\/\\\/museidartemendrisiotto.ch\\\/wp-content\\\/uploads\\\/2024\\\/10\\\/Spartaco-Vela.jpg\",\"contentUrl\":\"https:\\\/\\\/museidartemendrisiotto.ch\\\/wp-content\\\/uploads\\\/2024\\\/10\\\/Spartaco-Vela.jpg\",\"width\":900,\"height\":415},{\"@type\":\"BreadcrumbList\",\"@id\":\"https:\\\/\\\/museidartemendrisiotto.ch\\\/de\\\/spartaco-vela\\\/#breadcrumb\",\"itemListElement\":[{\"@type\":\"ListItem\",\"position\":1,\"name\":\"Home\",\"item\":\"https:\\\/\\\/museidartemendrisiotto.ch\\\/de\\\/\"},{\"@type\":\"ListItem\",\"position\":2,\"name\":\"SPARTACO VELA. Impressioni dal vero.\"}]},{\"@type\":\"WebSite\",\"@id\":\"https:\\\/\\\/museidartemendrisiotto.ch\\\/#website\",\"url\":\"https:\\\/\\\/museidartemendrisiotto.ch\\\/\",\"name\":\"Musei d\u2019Arte del Mendrisiotto\",\"description\":\"La rete dei Musei d\u2019Arte del Mendrisiotto (MAM) si propone di rafforzare la visibilit\u00e0, promuovere la conoscenza dei musei del Mendrisiotto\",\"publisher\":{\"@id\":\"https:\\\/\\\/museidartemendrisiotto.ch\\\/#organization\"},\"potentialAction\":[{\"@type\":\"SearchAction\",\"target\":{\"@type\":\"EntryPoint\",\"urlTemplate\":\"https:\\\/\\\/museidartemendrisiotto.ch\\\/?s={search_term_string}\"},\"query-input\":{\"@type\":\"PropertyValueSpecification\",\"valueRequired\":true,\"valueName\":\"search_term_string\"}}],\"inLanguage\":\"de\"},{\"@type\":\"Organization\",\"@id\":\"https:\\\/\\\/museidartemendrisiotto.ch\\\/#organization\",\"name\":\"Musei d\u2019Arte del Mendrisiotto\",\"url\":\"https:\\\/\\\/museidartemendrisiotto.ch\\\/\",\"logo\":{\"@type\":\"ImageObject\",\"inLanguage\":\"de\",\"@id\":\"https:\\\/\\\/museidartemendrisiotto.ch\\\/#\\\/schema\\\/logo\\\/image\\\/\",\"url\":\"https:\\\/\\\/museidartemendrisiotto.ch\\\/wp-content\\\/uploads\\\/2020\\\/06\\\/logo_mam.png\",\"contentUrl\":\"https:\\\/\\\/museidartemendrisiotto.ch\\\/wp-content\\\/uploads\\\/2020\\\/06\\\/logo_mam.png\",\"width\":350,\"height\":250,\"caption\":\"Musei d\u2019Arte del Mendrisiotto\"},\"image\":{\"@id\":\"https:\\\/\\\/museidartemendrisiotto.ch\\\/#\\\/schema\\\/logo\\\/image\\\/\"}},{\"@type\":\"Person\",\"@id\":\"https:\\\/\\\/museidartemendrisiotto.ch\\\/#\\\/schema\\\/person\\\/07a2587aedb8d3a7d2ad98a08959a011\",\"name\":\"rebecca.maspoli\",\"image\":{\"@type\":\"ImageObject\",\"inLanguage\":\"de\",\"@id\":\"https:\\\/\\\/secure.gravatar.com\\\/avatar\\\/8eb20f31dcf75e20617a614b0e85501b6ad78fb1a0795c54bd53ddff54b7b6a4?s=96&d=mm&r=g\",\"url\":\"https:\\\/\\\/secure.gravatar.com\\\/avatar\\\/8eb20f31dcf75e20617a614b0e85501b6ad78fb1a0795c54bd53ddff54b7b6a4?s=96&d=mm&r=g\",\"contentUrl\":\"https:\\\/\\\/secure.gravatar.com\\\/avatar\\\/8eb20f31dcf75e20617a614b0e85501b6ad78fb1a0795c54bd53ddff54b7b6a4?s=96&d=mm&r=g\",\"caption\":\"rebecca.maspoli\"}}]}<\/script>\n<!-- \/ Yoast SEO plugin. -->","yoast_head_json":{"title":"SPARTACO VELA. Impressioni dal vero.","description":"Museo Vincenzo Vela, 10.11.2024 - 27.04.2025","robots":{"index":"index","follow":"follow","max-snippet":"max-snippet:-1","max-image-preview":"max-image-preview:large","max-video-preview":"max-video-preview:-1"},"canonical":"https:\/\/museidartemendrisiotto.ch\/de\/spartaco-vela\/","og_locale":"de_DE","og_type":"article","og_title":"SPARTACO VELA. Impressioni dal vero.","og_description":"Museo Vincenzo Vela, 10.11.2024 - 27.04.2025","og_url":"https:\/\/museidartemendrisiotto.ch\/de\/spartaco-vela\/","og_site_name":"Musei d\u2019Arte del Mendrisiotto","article_published_time":"2024-10-18T07:34:26+00:00","article_modified_time":"2025-01-29T17:20:51+00:00","og_image":[{"width":900,"height":415,"url":"https:\/\/museidartemendrisiotto.ch\/wp-content\/uploads\/2024\/10\/Spartaco-Vela.jpg","type":"image\/jpeg"}],"author":"rebecca.maspoli","twitter_card":"summary_large_image","twitter_misc":{"Verfasst von":"rebecca.maspoli","Gesch\u00e4tzte Lesezeit":"1\u00a0Minute"},"schema":{"@context":"https:\/\/schema.org","@graph":[{"@type":"Article","@id":"https:\/\/museidartemendrisiotto.ch\/de\/spartaco-vela\/#article","isPartOf":{"@id":"https:\/\/museidartemendrisiotto.ch\/de\/spartaco-vela\/"},"author":{"name":"rebecca.maspoli","@id":"https:\/\/museidartemendrisiotto.ch\/#\/schema\/person\/07a2587aedb8d3a7d2ad98a08959a011"},"headline":"SPARTACO VELA. Impressioni dal vero.","datePublished":"2024-10-18T07:34:26+00:00","dateModified":"2025-01-29T17:20:51+00:00","mainEntityOfPage":{"@id":"https:\/\/museidartemendrisiotto.ch\/de\/spartaco-vela\/"},"wordCount":146,"publisher":{"@id":"https:\/\/museidartemendrisiotto.ch\/#organization"},"image":{"@id":"https:\/\/museidartemendrisiotto.ch\/de\/spartaco-vela\/#primaryimage"},"thumbnailUrl":"https:\/\/museidartemendrisiotto.ch\/wp-content\/uploads\/2024\/10\/Spartaco-Vela.jpg","keywords":["mostre"],"articleSection":["Museo Vincenzo Vela"],"inLanguage":"de"},{"@type":"event","@id":"https:\/\/museidartemendrisiotto.ch\/de\/spartaco-vela\/","url":"https:\/\/museidartemendrisiotto.ch\/de\/spartaco-vela\/","name":"SPARTACO VELA. Impressioni dal vero.","isPartOf":{"@id":"https:\/\/museidartemendrisiotto.ch\/#website"},"primaryImageOfPage":{"@id":"https:\/\/museidartemendrisiotto.ch\/de\/spartaco-vela\/#primaryimage"},"image":["https:\/\/museidartemendrisiotto.ch\/wp-content\/uploads\/2024\/10\/Spartaco-Vela.jpg","https:\/\/museidartemendrisiotto.ch\/wp-content\/uploads\/2024\/10\/Spartaco-Vela-300x138.jpg","https:\/\/museidartemendrisiotto.ch\/wp-content\/uploads\/2024\/10\/Spartaco-Vela.jpg","https:\/\/museidartemendrisiotto.ch\/wp-content\/uploads\/2024\/10\/Spartaco-Vela.jpg"],"thumbnailUrl":"https:\/\/museidartemendrisiotto.ch\/wp-content\/uploads\/2024\/10\/Spartaco-Vela.jpg","datePublished":"2024-10-18T07:34:26+02:00","dateModified":"2025-01-29T17:20:51+02:00","description":"Ausstellung kuratiert von Antonia Nessi und Anita Guglielmetti.\r\n\r\nDas Museo Vincenzo Vela er\u00f6ffnet seine Ausstellungssaison mit einer umfassenden Schau zum Maler Spartaco Vela (1854-1895), dem einzigen Sohn des bedeutenden Tessiner Bildhauers und dessen Frau Sabina Dragoni. Anders als die Interpretationen, die ihn auf die Rolle des \u00abK\u00fcnstlersohns\u00bb beschr\u00e4nken, l\u00e4dt die Ausstellung dazu ein, Spartaco Vela als K\u00fcnstler mit einer soliden Ausbildung zu entdecken, der als sensibler Interpret in der Kunst- und Kulturszene seiner Zeit wirkte. Eine repr\u00e4sentative Auswahl seiner Gem\u00e4lde und Zeichnungen aus der Sammlung des Museo Vela wird dem Publikum erstmals im Rahmen einer thematischen Ausstellungsgestaltung pr\u00e4sentiert.\r\n\r\nEr\u00f6ffnung\r\nSamstag, 9. November 2024, 17.00\r\n\r\nDauer der Ausstellung\r\n10.11.2024 - 27.04.2025\r\n\r\n\u00d6ffnungszeiten\r\nDienstag - Freitag\r\n10.00 \u2013 17.00\r\nSamstag und Sonntag\r\n10.00 \u2013 18.00\r\n\r\nMontags geschlossen.\r\nJeden Mittwoch freier Eintritt.\r\n\r\nBesondere Er\u00f6ffnungen\r\n8. Dezember 2024\r\n6. Januar 2025\r\n19. M\u00e4rz 2025\r\n21. April 2025 (Ostermontag)\r\n\r\nGeschlossen\r\n24.\u201326. Dezember\r\n1. Januar\r\n\r\nMEHR INFO","breadcrumb":{"@id":"https:\/\/museidartemendrisiotto.ch\/de\/spartaco-vela\/#breadcrumb"},"inLanguage":"de","potentialAction":[{"@type":"ReadAction","target":["https:\/\/museidartemendrisiotto.ch\/de\/spartaco-vela\/"]}],"@context":"https:\/\/schema.org","startDate":"2024-11-10","endDate":"2025-04-27","eventStatus":"EventScheduled","eventAttendanceMode":"OfflineEventAttendanceMode","location":{"@type":"place","name":"","address":"","geo":{"@type":"GeoCoordinates","latitude":"","longitude":""}},"offers":{"@type":"Offer"}},{"@type":"ImageObject","inLanguage":"de","@id":"https:\/\/museidartemendrisiotto.ch\/de\/spartaco-vela\/#primaryimage","url":"https:\/\/museidartemendrisiotto.ch\/wp-content\/uploads\/2024\/10\/Spartaco-Vela.jpg","contentUrl":"https:\/\/museidartemendrisiotto.ch\/wp-content\/uploads\/2024\/10\/Spartaco-Vela.jpg","width":900,"height":415},{"@type":"BreadcrumbList","@id":"https:\/\/museidartemendrisiotto.ch\/de\/spartaco-vela\/#breadcrumb","itemListElement":[{"@type":"ListItem","position":1,"name":"Home","item":"https:\/\/museidartemendrisiotto.ch\/de\/"},{"@type":"ListItem","position":2,"name":"SPARTACO VELA. Impressioni dal vero."}]},{"@type":"WebSite","@id":"https:\/\/museidartemendrisiotto.ch\/#website","url":"https:\/\/museidartemendrisiotto.ch\/","name":"Musei d\u2019Arte del Mendrisiotto","description":"La rete dei Musei d\u2019Arte del Mendrisiotto (MAM) si propone di rafforzare la visibilit\u00e0, promuovere la conoscenza dei musei del Mendrisiotto","publisher":{"@id":"https:\/\/museidartemendrisiotto.ch\/#organization"},"potentialAction":[{"@type":"SearchAction","target":{"@type":"EntryPoint","urlTemplate":"https:\/\/museidartemendrisiotto.ch\/?s={search_term_string}"},"query-input":{"@type":"PropertyValueSpecification","valueRequired":true,"valueName":"search_term_string"}}],"inLanguage":"de"},{"@type":"Organization","@id":"https:\/\/museidartemendrisiotto.ch\/#organization","name":"Musei d\u2019Arte del Mendrisiotto","url":"https:\/\/museidartemendrisiotto.ch\/","logo":{"@type":"ImageObject","inLanguage":"de","@id":"https:\/\/museidartemendrisiotto.ch\/#\/schema\/logo\/image\/","url":"https:\/\/museidartemendrisiotto.ch\/wp-content\/uploads\/2020\/06\/logo_mam.png","contentUrl":"https:\/\/museidartemendrisiotto.ch\/wp-content\/uploads\/2020\/06\/logo_mam.png","width":350,"height":250,"caption":"Musei d\u2019Arte del Mendrisiotto"},"image":{"@id":"https:\/\/museidartemendrisiotto.ch\/#\/schema\/logo\/image\/"}},{"@type":"Person","@id":"https:\/\/museidartemendrisiotto.ch\/#\/schema\/person\/07a2587aedb8d3a7d2ad98a08959a011","name":"rebecca.maspoli","image":{"@type":"ImageObject","inLanguage":"de","@id":"https:\/\/secure.gravatar.com\/avatar\/8eb20f31dcf75e20617a614b0e85501b6ad78fb1a0795c54bd53ddff54b7b6a4?s=96&d=mm&r=g","url":"https:\/\/secure.gravatar.com\/avatar\/8eb20f31dcf75e20617a614b0e85501b6ad78fb1a0795c54bd53ddff54b7b6a4?s=96&d=mm&r=g","contentUrl":"https:\/\/secure.gravatar.com\/avatar\/8eb20f31dcf75e20617a614b0e85501b6ad78fb1a0795c54bd53ddff54b7b6a4?s=96&d=mm&r=g","caption":"rebecca.maspoli"}}]}},"_links":{"self":[{"href":"https:\/\/museidartemendrisiotto.ch\/de\/wp-json\/wp\/v2\/posts\/6942","targetHints":{"allow":["GET"]}}],"collection":[{"href":"https:\/\/museidartemendrisiotto.ch\/de\/wp-json\/wp\/v2\/posts"}],"about":[{"href":"https:\/\/museidartemendrisiotto.ch\/de\/wp-json\/wp\/v2\/types\/post"}],"author":[{"embeddable":true,"href":"https:\/\/museidartemendrisiotto.ch\/de\/wp-json\/wp\/v2\/users\/9"}],"replies":[{"embeddable":true,"href":"https:\/\/museidartemendrisiotto.ch\/de\/wp-json\/wp\/v2\/comments?post=6942"}],"version-history":[{"count":8,"href":"https:\/\/museidartemendrisiotto.ch\/de\/wp-json\/wp\/v2\/posts\/6942\/revisions"}],"predecessor-version":[{"id":7200,"href":"https:\/\/museidartemendrisiotto.ch\/de\/wp-json\/wp\/v2\/posts\/6942\/revisions\/7200"}],"wp:featuredmedia":[{"embeddable":true,"href":"https:\/\/museidartemendrisiotto.ch\/de\/wp-json\/wp\/v2\/media\/6927"}],"wp:attachment":[{"href":"https:\/\/museidartemendrisiotto.ch\/de\/wp-json\/wp\/v2\/media?parent=6942"}],"wp:term":[{"taxonomy":"category","embeddable":true,"href":"https:\/\/museidartemendrisiotto.ch\/de\/wp-json\/wp\/v2\/categories?post=6942"},{"taxonomy":"post_tag","embeddable":true,"href":"https:\/\/museidartemendrisiotto.ch\/de\/wp-json\/wp\/v2\/tags?post=6942"}],"curies":[{"name":"wp","href":"https:\/\/api.w.org\/{rel}","templated":true}]}}