{"id":4585,"date":"2023-08-31T15:49:00","date_gmt":"2023-08-31T13:49:00","guid":{"rendered":"https:\/\/museidartemendrisiotto.ch\/pass-mam\/"},"modified":"2024-03-15T11:04:35","modified_gmt":"2024-03-15T10:04:35","slug":"pass-mam","status":"publish","type":"post","link":"https:\/\/museidartemendrisiotto.ch\/fr\/pass-mam\/","title":{"rendered":"PASS MAM"},"content":{"rendered":"<p><strong>D\u00e9couvrez les mus\u00e9es d&rsquo;art de la r\u00e9gion du Mendrisiotto avec le nouveau Pass MAM!<\/strong><\/p>\n<p>Achetable dans chaque mus\u00e9e du r\u00e9seau MAM au prix de <strong>50 CHF.-<\/strong>, le Pass MAM donne libre acc\u00e8s aux collections permanentes et aux expositions temporaires des mus\u00e9es d&rsquo;art du Mendrisiotto pour une dur\u00e9e d&rsquo;un an, \u00e0 compter de la date de votre choix.<\/p>\n<p>Le Pass MAM est personnel et non transmissible.<em>\u00a0\u00a0<\/em><br \/>\nIl peut \u00e9galement \u00eatre achet\u00e9 sous forme de cadeau.<\/p>\n<p>MUS\u00c9ES PARTENAIRES<br \/>\n<strong>m.a.x. museo<\/strong>, Chiasso<br \/>\n<strong>Museo d&rsquo;arte Mendrisio<br \/>\n<\/strong><strong>Museo Vincenzo Vela<\/strong>, Ligornetto<br \/>\n<strong>Pinacoteca cantonale Giovanni Z\u00fcst<\/strong>, Rancate<br \/>\n<strong>Teatro dell&rsquo;architettura Mendrisio<\/strong><\/p>\n<p>Pour toute information, veuillez \u00e9crire \u00e0 <a href=\"mailto:info@museidartemendrisiotto.ch\">info@museidartemendrisiotto.ch<\/a><\/p>\n<p>&nbsp;<\/p>\n<p>&nbsp;<\/p>\n<p>&nbsp;<\/p>\n","protected":false},"excerpt":{"rendered":"<p>D\u00e9couvrez les mus\u00e9es d&rsquo;art de la r\u00e9gion du Mendrisiotto avec le nouveau Pass MAM! Achetable dans chaque mus\u00e9e du r\u00e9seau MAM au prix de 50 CHF.-, le Pass MAM donne libre acc\u00e8s aux collections permanentes et aux expositions temporaires des mus\u00e9es d&rsquo;art du Mendrisiotto pour une dur\u00e9e d&rsquo;un an, \u00e0 compter de la date de &#8230; <a title=\"PASS MAM\" class=\"read-more\" href=\"https:\/\/museidartemendrisiotto.ch\/fr\/pass-mam\/\">Read more <span class=\"screen-reader-text\">PASS MAM<\/span><\/a><\/p>\n","protected":false},"author":9,"featured_media":4446,"comment_status":"closed","ping_status":"closed","sticky":false,"template":"","format":"standard","meta":{"_monsterinsights_skip_tracking":false,"_monsterinsights_sitenote_active":false,"_monsterinsights_sitenote_note":"","_monsterinsights_sitenote_category":0,"footnotes":"","_links_to":"","_links_to_target":""},"categories":[54],"tags":[29,69],"class_list":["post-4585","post","type-post","status-publish","format-standard","has-post-thumbnail","hentry","category-mam-fr","tag-evidenza-fr","tag-attualita-fr"],"yoast_head":"<!-- This site is optimized with the Yoast SEO plugin v27.4 - https:\/\/yoast.com\/product\/yoast-seo-wordpress\/ -->\n<title>- Musei d\u2019Arte del Mendrisiotto<\/title>\n<meta name=\"robots\" content=\"index, follow, max-snippet:-1, max-image-preview:large, max-video-preview:-1\" \/>\n<link rel=\"canonical\" href=\"https:\/\/museidartemendrisiotto.ch\/fr\/pass-mam\/\" \/>\n<meta property=\"og:locale\" content=\"fr_FR\" \/>\n<meta property=\"og:type\" content=\"article\" \/>\n<meta property=\"og:title\" content=\"- Musei d\u2019Arte del Mendrisiotto\" \/>\n<meta property=\"og:description\" content=\"D\u00e9couvrez les mus\u00e9es d&rsquo;art de la r\u00e9gion du Mendrisiotto avec le nouveau Pass MAM! Achetable dans chaque mus\u00e9e du r\u00e9seau MAM au prix de 50 CHF.-, le Pass MAM donne libre acc\u00e8s aux collections permanentes et aux expositions temporaires des mus\u00e9es d&rsquo;art du Mendrisiotto pour une dur\u00e9e d&rsquo;un an, \u00e0 compter de la date de ... Read more PASS MAM\" \/>\n<meta property=\"og:url\" content=\"https:\/\/museidartemendrisiotto.ch\/fr\/pass-mam\/\" \/>\n<meta property=\"og:site_name\" content=\"Musei d\u2019Arte del Mendrisiotto\" \/>\n<meta property=\"article:published_time\" content=\"2023-08-31T13:49:00+00:00\" \/>\n<meta property=\"article:modified_time\" content=\"2024-03-15T10:04:35+00:00\" \/>\n<meta property=\"og:image\" content=\"https:\/\/museidartemendrisiotto.ch\/wp-content\/uploads\/2023\/08\/2eac42cd-e230-42f4-8be8-ec6d056b9a1b-3.jpeg\" \/>\n\t<meta property=\"og:image:width\" content=\"900\" \/>\n\t<meta property=\"og:image:height\" content=\"415\" \/>\n\t<meta property=\"og:image:type\" content=\"image\/jpeg\" \/>\n<meta name=\"author\" content=\"rebecca.maspoli\" \/>\n<meta name=\"twitter:card\" content=\"summary_large_image\" \/>\n<meta name=\"twitter:label1\" content=\"\u00c9crit par\" \/>\n\t<meta name=\"twitter:data1\" content=\"rebecca.maspoli\" \/>\n\t<meta name=\"twitter:label2\" content=\"Dur\u00e9e de lecture estim\u00e9e\" \/>\n\t<meta name=\"twitter:data2\" content=\"1 minute\" \/>\n<script type=\"application\/ld+json\" class=\"yoast-schema-graph\">{\"@context\":\"https:\\\/\\\/schema.org\",\"@graph\":[{\"@type\":\"Article\",\"@id\":\"https:\\\/\\\/museidartemendrisiotto.ch\\\/fr\\\/pass-mam\\\/#article\",\"isPartOf\":{\"@id\":\"https:\\\/\\\/museidartemendrisiotto.ch\\\/fr\\\/pass-mam\\\/\"},\"author\":{\"name\":\"rebecca.maspoli\",\"@id\":\"https:\\\/\\\/museidartemendrisiotto.ch\\\/#\\\/schema\\\/person\\\/07a2587aedb8d3a7d2ad98a08959a011\"},\"headline\":\"PASS MAM\",\"datePublished\":\"2023-08-31T13:49:00+00:00\",\"dateModified\":\"2024-03-15T10:04:35+00:00\",\"mainEntityOfPage\":{\"@id\":\"https:\\\/\\\/museidartemendrisiotto.ch\\\/fr\\\/pass-mam\\\/\"},\"wordCount\":123,\"publisher\":{\"@id\":\"https:\\\/\\\/museidartemendrisiotto.ch\\\/#organization\"},\"image\":{\"@id\":\"https:\\\/\\\/museidartemendrisiotto.ch\\\/fr\\\/pass-mam\\\/#primaryimage\"},\"thumbnailUrl\":\"https:\\\/\\\/museidartemendrisiotto.ch\\\/wp-content\\\/uploads\\\/2023\\\/08\\\/2eac42cd-e230-42f4-8be8-ec6d056b9a1b-3.jpeg\",\"keywords\":[\"evidenza\",\"Attualit\u00e0\"],\"articleSection\":[\"Musei d&#8217;Arte del Mendrisiotto\"],\"inLanguage\":\"fr-FR\"},{\"@type\":\"event\",\"@id\":\"https:\\\/\\\/museidartemendrisiotto.ch\\\/fr\\\/pass-mam\\\/\",\"url\":\"https:\\\/\\\/museidartemendrisiotto.ch\\\/fr\\\/pass-mam\\\/\",\"name\":\"PASS MAM\",\"isPartOf\":{\"@id\":\"https:\\\/\\\/museidartemendrisiotto.ch\\\/#website\"},\"primaryImageOfPage\":{\"@id\":\"https:\\\/\\\/museidartemendrisiotto.ch\\\/fr\\\/pass-mam\\\/#primaryimage\"},\"image\":[\"https:\\\/\\\/museidartemendrisiotto.ch\\\/wp-content\\\/uploads\\\/2023\\\/08\\\/2eac42cd-e230-42f4-8be8-ec6d056b9a1b-3.jpeg\",\"https:\\\/\\\/museidartemendrisiotto.ch\\\/wp-content\\\/uploads\\\/2023\\\/08\\\/2eac42cd-e230-42f4-8be8-ec6d056b9a1b-3-300x138.jpeg\",\"https:\\\/\\\/museidartemendrisiotto.ch\\\/wp-content\\\/uploads\\\/2023\\\/08\\\/2eac42cd-e230-42f4-8be8-ec6d056b9a1b-3.jpeg\",\"https:\\\/\\\/museidartemendrisiotto.ch\\\/wp-content\\\/uploads\\\/2023\\\/08\\\/2eac42cd-e230-42f4-8be8-ec6d056b9a1b-3.jpeg\"],\"thumbnailUrl\":\"https:\\\/\\\/museidartemendrisiotto.ch\\\/wp-content\\\/uploads\\\/2023\\\/08\\\/2eac42cd-e230-42f4-8be8-ec6d056b9a1b-3.jpeg\",\"datePublished\":\"2023-08-31T13:49:00+02:00\",\"dateModified\":\"2024-03-15T10:04:35+02:00\",\"breadcrumb\":{\"@id\":\"https:\\\/\\\/museidartemendrisiotto.ch\\\/fr\\\/pass-mam\\\/#breadcrumb\"},\"inLanguage\":\"fr-FR\",\"potentialAction\":[{\"@type\":\"ReadAction\",\"target\":[\"https:\\\/\\\/museidartemendrisiotto.ch\\\/fr\\\/pass-mam\\\/\"]}],\"@context\":\"https:\\\/\\\/schema.org\",\"startDate\":\"2022-09-30\",\"endDate\":\"2028-09-30\",\"eventStatus\":\"EventScheduled\",\"eventAttendanceMode\":\"OfflineEventAttendanceMode\",\"location\":{\"@type\":\"place\",\"name\":\"\",\"address\":\"\",\"geo\":{\"@type\":\"GeoCoordinates\",\"latitude\":\"\",\"longitude\":\"\"}},\"description\":\"D\u00e9couvrez les mus\u00e9es d'art de la r\u00e9gion du Mendrisiotto avec le nouveau Pass MAM!\\r\\n\\r\\nAchetable dans chaque mus\u00e9e du r\u00e9seau MAM au prix de 50 CHF.-, le Pass MAM donne libre acc\u00e8s aux collections permanentes et aux expositions temporaires des mus\u00e9es d'art du Mendrisiotto pour une dur\u00e9e d'un an, \u00e0 compter de la date de votre choix.\\r\\n\\r\\nLe Pass MAM est personnel et non transmissible.\u00a0\u00a0\\r\\nIl peut \u00e9galement \u00eatre achet\u00e9 sous forme de cadeau.\\r\\n\\r\\nMUS\u00c9ES PARTENAIRES\\r\\nm.a.x. museo, Chiasso\\r\\nMuseo d'arte Mendrisio\\r\\nMuseo Vincenzo Vela, Ligornetto\\r\\nPinacoteca cantonale Giovanni Z\u00fcst, Rancate\\r\\nTeatro dell'architettura Mendrisio\\r\\n\\r\\nPour toute information, veuillez \u00e9crire \u00e0 info@museidartemendrisiotto.ch\\r\\n\\r\\n \\r\\n\\r\\n \\r\\n\\r\\n \",\"offers\":{\"@type\":\"Offer\"}},{\"@type\":\"ImageObject\",\"inLanguage\":\"fr-FR\",\"@id\":\"https:\\\/\\\/museidartemendrisiotto.ch\\\/fr\\\/pass-mam\\\/#primaryimage\",\"url\":\"https:\\\/\\\/museidartemendrisiotto.ch\\\/wp-content\\\/uploads\\\/2023\\\/08\\\/2eac42cd-e230-42f4-8be8-ec6d056b9a1b-3.jpeg\",\"contentUrl\":\"https:\\\/\\\/museidartemendrisiotto.ch\\\/wp-content\\\/uploads\\\/2023\\\/08\\\/2eac42cd-e230-42f4-8be8-ec6d056b9a1b-3.jpeg\",\"width\":900,\"height\":415},{\"@type\":\"BreadcrumbList\",\"@id\":\"https:\\\/\\\/museidartemendrisiotto.ch\\\/fr\\\/pass-mam\\\/#breadcrumb\",\"itemListElement\":[{\"@type\":\"ListItem\",\"position\":1,\"name\":\"Home\",\"item\":\"https:\\\/\\\/museidartemendrisiotto.ch\\\/fr\\\/\"},{\"@type\":\"ListItem\",\"position\":2,\"name\":\"PASS MAM\"}]},{\"@type\":\"WebSite\",\"@id\":\"https:\\\/\\\/museidartemendrisiotto.ch\\\/#website\",\"url\":\"https:\\\/\\\/museidartemendrisiotto.ch\\\/\",\"name\":\"Musei d\u2019Arte del Mendrisiotto\",\"description\":\"La rete dei Musei d\u2019Arte del Mendrisiotto (MAM) si propone di rafforzare la visibilit\u00e0, promuovere la conoscenza dei musei del Mendrisiotto\",\"publisher\":{\"@id\":\"https:\\\/\\\/museidartemendrisiotto.ch\\\/#organization\"},\"potentialAction\":[{\"@type\":\"SearchAction\",\"target\":{\"@type\":\"EntryPoint\",\"urlTemplate\":\"https:\\\/\\\/museidartemendrisiotto.ch\\\/?s={search_term_string}\"},\"query-input\":{\"@type\":\"PropertyValueSpecification\",\"valueRequired\":true,\"valueName\":\"search_term_string\"}}],\"inLanguage\":\"fr-FR\"},{\"@type\":\"Organization\",\"@id\":\"https:\\\/\\\/museidartemendrisiotto.ch\\\/#organization\",\"name\":\"Musei d\u2019Arte del Mendrisiotto\",\"url\":\"https:\\\/\\\/museidartemendrisiotto.ch\\\/\",\"logo\":{\"@type\":\"ImageObject\",\"inLanguage\":\"fr-FR\",\"@id\":\"https:\\\/\\\/museidartemendrisiotto.ch\\\/#\\\/schema\\\/logo\\\/image\\\/\",\"url\":\"https:\\\/\\\/museidartemendrisiotto.ch\\\/wp-content\\\/uploads\\\/2020\\\/06\\\/logo_mam.png\",\"contentUrl\":\"https:\\\/\\\/museidartemendrisiotto.ch\\\/wp-content\\\/uploads\\\/2020\\\/06\\\/logo_mam.png\",\"width\":350,\"height\":250,\"caption\":\"Musei d\u2019Arte del Mendrisiotto\"},\"image\":{\"@id\":\"https:\\\/\\\/museidartemendrisiotto.ch\\\/#\\\/schema\\\/logo\\\/image\\\/\"}},{\"@type\":\"Person\",\"@id\":\"https:\\\/\\\/museidartemendrisiotto.ch\\\/#\\\/schema\\\/person\\\/07a2587aedb8d3a7d2ad98a08959a011\",\"name\":\"rebecca.maspoli\",\"image\":{\"@type\":\"ImageObject\",\"inLanguage\":\"fr-FR\",\"@id\":\"https:\\\/\\\/secure.gravatar.com\\\/avatar\\\/8eb20f31dcf75e20617a614b0e85501b6ad78fb1a0795c54bd53ddff54b7b6a4?s=96&d=mm&r=g\",\"url\":\"https:\\\/\\\/secure.gravatar.com\\\/avatar\\\/8eb20f31dcf75e20617a614b0e85501b6ad78fb1a0795c54bd53ddff54b7b6a4?s=96&d=mm&r=g\",\"contentUrl\":\"https:\\\/\\\/secure.gravatar.com\\\/avatar\\\/8eb20f31dcf75e20617a614b0e85501b6ad78fb1a0795c54bd53ddff54b7b6a4?s=96&d=mm&r=g\",\"caption\":\"rebecca.maspoli\"}}]}<\/script>\n<!-- \/ Yoast SEO plugin. -->","yoast_head_json":{"title":"- Musei d\u2019Arte del Mendrisiotto","robots":{"index":"index","follow":"follow","max-snippet":"max-snippet:-1","max-image-preview":"max-image-preview:large","max-video-preview":"max-video-preview:-1"},"canonical":"https:\/\/museidartemendrisiotto.ch\/fr\/pass-mam\/","og_locale":"fr_FR","og_type":"article","og_title":"- Musei d\u2019Arte del Mendrisiotto","og_description":"D\u00e9couvrez les mus\u00e9es d&rsquo;art de la r\u00e9gion du Mendrisiotto avec le nouveau Pass MAM! Achetable dans chaque mus\u00e9e du r\u00e9seau MAM au prix de 50 CHF.-, le Pass MAM donne libre acc\u00e8s aux collections permanentes et aux expositions temporaires des mus\u00e9es d&rsquo;art du Mendrisiotto pour une dur\u00e9e d&rsquo;un an, \u00e0 compter de la date de ... Read more PASS MAM","og_url":"https:\/\/museidartemendrisiotto.ch\/fr\/pass-mam\/","og_site_name":"Musei d\u2019Arte del Mendrisiotto","article_published_time":"2023-08-31T13:49:00+00:00","article_modified_time":"2024-03-15T10:04:35+00:00","og_image":[{"width":900,"height":415,"url":"https:\/\/museidartemendrisiotto.ch\/wp-content\/uploads\/2023\/08\/2eac42cd-e230-42f4-8be8-ec6d056b9a1b-3.jpeg","type":"image\/jpeg"}],"author":"rebecca.maspoli","twitter_card":"summary_large_image","twitter_misc":{"\u00c9crit par":"rebecca.maspoli","Dur\u00e9e de lecture estim\u00e9e":"1 minute"},"schema":{"@context":"https:\/\/schema.org","@graph":[{"@type":"Article","@id":"https:\/\/museidartemendrisiotto.ch\/fr\/pass-mam\/#article","isPartOf":{"@id":"https:\/\/museidartemendrisiotto.ch\/fr\/pass-mam\/"},"author":{"name":"rebecca.maspoli","@id":"https:\/\/museidartemendrisiotto.ch\/#\/schema\/person\/07a2587aedb8d3a7d2ad98a08959a011"},"headline":"PASS MAM","datePublished":"2023-08-31T13:49:00+00:00","dateModified":"2024-03-15T10:04:35+00:00","mainEntityOfPage":{"@id":"https:\/\/museidartemendrisiotto.ch\/fr\/pass-mam\/"},"wordCount":123,"publisher":{"@id":"https:\/\/museidartemendrisiotto.ch\/#organization"},"image":{"@id":"https:\/\/museidartemendrisiotto.ch\/fr\/pass-mam\/#primaryimage"},"thumbnailUrl":"https:\/\/museidartemendrisiotto.ch\/wp-content\/uploads\/2023\/08\/2eac42cd-e230-42f4-8be8-ec6d056b9a1b-3.jpeg","keywords":["evidenza","Attualit\u00e0"],"articleSection":["Musei d&#8217;Arte del Mendrisiotto"],"inLanguage":"fr-FR"},{"@type":"event","@id":"https:\/\/museidartemendrisiotto.ch\/fr\/pass-mam\/","url":"https:\/\/museidartemendrisiotto.ch\/fr\/pass-mam\/","name":"PASS MAM","isPartOf":{"@id":"https:\/\/museidartemendrisiotto.ch\/#website"},"primaryImageOfPage":{"@id":"https:\/\/museidartemendrisiotto.ch\/fr\/pass-mam\/#primaryimage"},"image":["https:\/\/museidartemendrisiotto.ch\/wp-content\/uploads\/2023\/08\/2eac42cd-e230-42f4-8be8-ec6d056b9a1b-3.jpeg","https:\/\/museidartemendrisiotto.ch\/wp-content\/uploads\/2023\/08\/2eac42cd-e230-42f4-8be8-ec6d056b9a1b-3-300x138.jpeg","https:\/\/museidartemendrisiotto.ch\/wp-content\/uploads\/2023\/08\/2eac42cd-e230-42f4-8be8-ec6d056b9a1b-3.jpeg","https:\/\/museidartemendrisiotto.ch\/wp-content\/uploads\/2023\/08\/2eac42cd-e230-42f4-8be8-ec6d056b9a1b-3.jpeg"],"thumbnailUrl":"https:\/\/museidartemendrisiotto.ch\/wp-content\/uploads\/2023\/08\/2eac42cd-e230-42f4-8be8-ec6d056b9a1b-3.jpeg","datePublished":"2023-08-31T13:49:00+02:00","dateModified":"2024-03-15T10:04:35+02:00","breadcrumb":{"@id":"https:\/\/museidartemendrisiotto.ch\/fr\/pass-mam\/#breadcrumb"},"inLanguage":"fr-FR","potentialAction":[{"@type":"ReadAction","target":["https:\/\/museidartemendrisiotto.ch\/fr\/pass-mam\/"]}],"@context":"https:\/\/schema.org","startDate":"2022-09-30","endDate":"2028-09-30","eventStatus":"EventScheduled","eventAttendanceMode":"OfflineEventAttendanceMode","location":{"@type":"place","name":"","address":"","geo":{"@type":"GeoCoordinates","latitude":"","longitude":""}},"description":"D\u00e9couvrez les mus\u00e9es d'art de la r\u00e9gion du Mendrisiotto avec le nouveau Pass MAM!\r\n\r\nAchetable dans chaque mus\u00e9e du r\u00e9seau MAM au prix de 50 CHF.-, le Pass MAM donne libre acc\u00e8s aux collections permanentes et aux expositions temporaires des mus\u00e9es d'art du Mendrisiotto pour une dur\u00e9e d'un an, \u00e0 compter de la date de votre choix.\r\n\r\nLe Pass MAM est personnel et non transmissible.\u00a0\u00a0\r\nIl peut \u00e9galement \u00eatre achet\u00e9 sous forme de cadeau.\r\n\r\nMUS\u00c9ES PARTENAIRES\r\nm.a.x. museo, Chiasso\r\nMuseo d'arte Mendrisio\r\nMuseo Vincenzo Vela, Ligornetto\r\nPinacoteca cantonale Giovanni Z\u00fcst, Rancate\r\nTeatro dell'architettura Mendrisio\r\n\r\nPour toute information, veuillez \u00e9crire \u00e0 info@museidartemendrisiotto.ch\r\n\r\n \r\n\r\n \r\n\r\n ","offers":{"@type":"Offer"}},{"@type":"ImageObject","inLanguage":"fr-FR","@id":"https:\/\/museidartemendrisiotto.ch\/fr\/pass-mam\/#primaryimage","url":"https:\/\/museidartemendrisiotto.ch\/wp-content\/uploads\/2023\/08\/2eac42cd-e230-42f4-8be8-ec6d056b9a1b-3.jpeg","contentUrl":"https:\/\/museidartemendrisiotto.ch\/wp-content\/uploads\/2023\/08\/2eac42cd-e230-42f4-8be8-ec6d056b9a1b-3.jpeg","width":900,"height":415},{"@type":"BreadcrumbList","@id":"https:\/\/museidartemendrisiotto.ch\/fr\/pass-mam\/#breadcrumb","itemListElement":[{"@type":"ListItem","position":1,"name":"Home","item":"https:\/\/museidartemendrisiotto.ch\/fr\/"},{"@type":"ListItem","position":2,"name":"PASS MAM"}]},{"@type":"WebSite","@id":"https:\/\/museidartemendrisiotto.ch\/#website","url":"https:\/\/museidartemendrisiotto.ch\/","name":"Musei d\u2019Arte del Mendrisiotto","description":"La rete dei Musei d\u2019Arte del Mendrisiotto (MAM) si propone di rafforzare la visibilit\u00e0, promuovere la conoscenza dei musei del Mendrisiotto","publisher":{"@id":"https:\/\/museidartemendrisiotto.ch\/#organization"},"potentialAction":[{"@type":"SearchAction","target":{"@type":"EntryPoint","urlTemplate":"https:\/\/museidartemendrisiotto.ch\/?s={search_term_string}"},"query-input":{"@type":"PropertyValueSpecification","valueRequired":true,"valueName":"search_term_string"}}],"inLanguage":"fr-FR"},{"@type":"Organization","@id":"https:\/\/museidartemendrisiotto.ch\/#organization","name":"Musei d\u2019Arte del Mendrisiotto","url":"https:\/\/museidartemendrisiotto.ch\/","logo":{"@type":"ImageObject","inLanguage":"fr-FR","@id":"https:\/\/museidartemendrisiotto.ch\/#\/schema\/logo\/image\/","url":"https:\/\/museidartemendrisiotto.ch\/wp-content\/uploads\/2020\/06\/logo_mam.png","contentUrl":"https:\/\/museidartemendrisiotto.ch\/wp-content\/uploads\/2020\/06\/logo_mam.png","width":350,"height":250,"caption":"Musei d\u2019Arte del Mendrisiotto"},"image":{"@id":"https:\/\/museidartemendrisiotto.ch\/#\/schema\/logo\/image\/"}},{"@type":"Person","@id":"https:\/\/museidartemendrisiotto.ch\/#\/schema\/person\/07a2587aedb8d3a7d2ad98a08959a011","name":"rebecca.maspoli","image":{"@type":"ImageObject","inLanguage":"fr-FR","@id":"https:\/\/secure.gravatar.com\/avatar\/8eb20f31dcf75e20617a614b0e85501b6ad78fb1a0795c54bd53ddff54b7b6a4?s=96&d=mm&r=g","url":"https:\/\/secure.gravatar.com\/avatar\/8eb20f31dcf75e20617a614b0e85501b6ad78fb1a0795c54bd53ddff54b7b6a4?s=96&d=mm&r=g","contentUrl":"https:\/\/secure.gravatar.com\/avatar\/8eb20f31dcf75e20617a614b0e85501b6ad78fb1a0795c54bd53ddff54b7b6a4?s=96&d=mm&r=g","caption":"rebecca.maspoli"}}]}},"_links":{"self":[{"href":"https:\/\/museidartemendrisiotto.ch\/fr\/wp-json\/wp\/v2\/posts\/4585","targetHints":{"allow":["GET"]}}],"collection":[{"href":"https:\/\/museidartemendrisiotto.ch\/fr\/wp-json\/wp\/v2\/posts"}],"about":[{"href":"https:\/\/museidartemendrisiotto.ch\/fr\/wp-json\/wp\/v2\/types\/post"}],"author":[{"embeddable":true,"href":"https:\/\/museidartemendrisiotto.ch\/fr\/wp-json\/wp\/v2\/users\/9"}],"replies":[{"embeddable":true,"href":"https:\/\/museidartemendrisiotto.ch\/fr\/wp-json\/wp\/v2\/comments?post=4585"}],"version-history":[{"count":6,"href":"https:\/\/museidartemendrisiotto.ch\/fr\/wp-json\/wp\/v2\/posts\/4585\/revisions"}],"predecessor-version":[{"id":5390,"href":"https:\/\/museidartemendrisiotto.ch\/fr\/wp-json\/wp\/v2\/posts\/4585\/revisions\/5390"}],"wp:featuredmedia":[{"embeddable":true,"href":"https:\/\/museidartemendrisiotto.ch\/fr\/wp-json\/wp\/v2\/media\/4446"}],"wp:attachment":[{"href":"https:\/\/museidartemendrisiotto.ch\/fr\/wp-json\/wp\/v2\/media?parent=4585"}],"wp:term":[{"taxonomy":"category","embeddable":true,"href":"https:\/\/museidartemendrisiotto.ch\/fr\/wp-json\/wp\/v2\/categories?post=4585"},{"taxonomy":"post_tag","embeddable":true,"href":"https:\/\/museidartemendrisiotto.ch\/fr\/wp-json\/wp\/v2\/tags?post=4585"}],"curies":[{"name":"wp","href":"https:\/\/api.w.org\/{rel}","templated":true}]}}