{"id":6941,"date":"2024-10-18T09:34:26","date_gmt":"2024-10-18T07:34:26","guid":{"rendered":"https:\/\/museidartemendrisiotto.ch\/spartaco-vela\/"},"modified":"2025-01-29T18:32:19","modified_gmt":"2025-01-29T17:32:19","slug":"spartaco-vela","status":"publish","type":"post","link":"https:\/\/museidartemendrisiotto.ch\/fr\/spartaco-vela\/","title":{"rendered":"SPARTACO VELA. Impressioni dal vero."},"content":{"rendered":"<p>Commissariat: Antonia Nessi et Anita Guglielmetti.<\/p>\n<p>Le Mus\u00e9e Vincenzo Vela inaugure sa saison d&rsquo;automne avec une grande exposition consacr\u00e9e au peintre Spartaco Vela (1854-1895), fils unique du c\u00e9l\u00e8bre sculpteur tessinois et de Sabina Dragoni. Au-del\u00e0 d&rsquo;une lecture qui le limite au r\u00f4le de simple \u00ab enfant de la balle \u00bb, l&rsquo;exposition invite \u00e0 red\u00e9couvrir un artiste dot\u00e9 d&rsquo;une solide formation qui sut inscrire son activit\u00e9 dans le contexte artistique et culturel de son temps, dont il fut un interpr\u00e8te sensible. Sa production picturale et graphique conserv\u00e9e dans les collections du Museo Vincenzo Vela est pr\u00e9sent\u00e9e pour la premi\u00e8re fois au public dans sa quasi int\u00e9gralit\u00e9, en suivant le fil d&rsquo;un parcours th\u00e9matique original.<\/p>\n<p><strong>Vernissage<\/strong><br \/>\nSamedi 9 novembre 2024, 17.00<\/p>\n<p><strong>Exposition<\/strong><br \/>\n10.11.2024 &#8211; 27.04.2025<\/p>\n<p><strong>Horaire<br \/>\n<\/strong>mardi \u2013 vendredi<br \/>\n10.00 \u2013 17.00<br \/>\nsamedi et dimanche<br \/>\n10.00 \u2013 18.00<\/p>\n<p>Ferm\u00e9 le lundi.<br \/>\nEntr\u00e9e gratuite tous les mercredis.<\/p>\n<p><strong>Ouvertures sp\u00e9ciales<\/strong><br \/>\n8 d\u00e9cembre 2024<br \/>\n6 janvier 2025<br \/>\n19 mars 2025<br \/>\n21 avril 2025 (lundi de P\u00e2ques)<\/p>\n<p><strong>Fermetures sp\u00e9ciales<\/strong><br \/>\n24 \u2013 26 d\u00e9cembre<br \/>\n1\u00b0 janvier<\/p>\n<p><a href=\"https:\/\/www.museo-vela.ch\/vela\/it\/home\/info\/info.html\" target=\"_blank\" rel=\"noopener\">PLUS D&rsquo;INFOS<\/a><\/p>\n","protected":false},"excerpt":{"rendered":"<p>Commissariat: Antonia Nessi et Anita Guglielmetti. Le Mus\u00e9e Vincenzo Vela inaugure sa saison d&rsquo;automne avec une grande exposition consacr\u00e9e au peintre Spartaco Vela (1854-1895), fils unique du c\u00e9l\u00e8bre sculpteur tessinois et de Sabina Dragoni. Au-del\u00e0 d&rsquo;une lecture qui le limite au r\u00f4le de simple \u00ab enfant de la balle \u00bb, l&rsquo;exposition invite \u00e0 red\u00e9couvrir un &#8230; <a title=\"SPARTACO VELA. Impressioni dal vero.\" class=\"read-more\" href=\"https:\/\/museidartemendrisiotto.ch\/fr\/spartaco-vela\/\">Read more <span class=\"screen-reader-text\">SPARTACO VELA. Impressioni dal vero.<\/span><\/a><\/p>\n","protected":false},"author":9,"featured_media":6926,"comment_status":"closed","ping_status":"closed","sticky":false,"template":"","format":"standard","meta":{"_monsterinsights_skip_tracking":false,"_monsterinsights_sitenote_active":false,"_monsterinsights_sitenote_note":"","_monsterinsights_sitenote_category":0,"footnotes":"","_links_to":"","_links_to_target":""},"categories":[3],"tags":[47],"class_list":["post-6941","post","type-post","status-publish","format-standard","has-post-thumbnail","hentry","category-museo-vela-fr","tag-mostre-fr"],"yoast_head":"<!-- This site is optimized with the Yoast SEO plugin v27.4 - https:\/\/yoast.com\/product\/yoast-seo-wordpress\/ -->\n<title>SPARTACO VELA. Impressioni dal vero.<\/title>\n<meta name=\"description\" content=\"Museo Vincenzo Vela, 10.11.2024 - 27.04.2025\" \/>\n<meta name=\"robots\" content=\"index, follow, max-snippet:-1, max-image-preview:large, max-video-preview:-1\" \/>\n<link rel=\"canonical\" href=\"https:\/\/museidartemendrisiotto.ch\/fr\/spartaco-vela\/\" \/>\n<meta property=\"og:locale\" content=\"fr_FR\" \/>\n<meta property=\"og:type\" content=\"article\" \/>\n<meta property=\"og:title\" content=\"SPARTACO VELA. Impressioni dal vero.\" \/>\n<meta property=\"og:description\" content=\"Museo Vincenzo Vela, 10.11.2024 - 27.04.2025\" \/>\n<meta property=\"og:url\" content=\"https:\/\/museidartemendrisiotto.ch\/fr\/spartaco-vela\/\" \/>\n<meta property=\"og:site_name\" content=\"Musei d\u2019Arte del Mendrisiotto\" \/>\n<meta property=\"article:published_time\" content=\"2024-10-18T07:34:26+00:00\" \/>\n<meta property=\"article:modified_time\" content=\"2025-01-29T17:32:19+00:00\" \/>\n<meta property=\"og:image\" content=\"https:\/\/museidartemendrisiotto.ch\/wp-content\/uploads\/2024\/10\/Spartaco-Vela.jpg\" \/>\n\t<meta property=\"og:image:width\" content=\"900\" \/>\n\t<meta property=\"og:image:height\" content=\"415\" \/>\n\t<meta property=\"og:image:type\" content=\"image\/jpeg\" \/>\n<meta name=\"author\" content=\"rebecca.maspoli\" \/>\n<meta name=\"twitter:card\" content=\"summary_large_image\" \/>\n<meta name=\"twitter:label1\" content=\"\u00c9crit par\" \/>\n\t<meta name=\"twitter:data1\" content=\"rebecca.maspoli\" \/>\n\t<meta name=\"twitter:label2\" content=\"Dur\u00e9e de lecture estim\u00e9e\" \/>\n\t<meta name=\"twitter:data2\" content=\"2 minutes\" \/>\n<script type=\"application\/ld+json\" class=\"yoast-schema-graph\">{\"@context\":\"https:\\\/\\\/schema.org\",\"@graph\":[{\"@type\":\"Article\",\"@id\":\"https:\\\/\\\/museidartemendrisiotto.ch\\\/fr\\\/spartaco-vela\\\/#article\",\"isPartOf\":{\"@id\":\"https:\\\/\\\/museidartemendrisiotto.ch\\\/fr\\\/spartaco-vela\\\/\"},\"author\":{\"name\":\"rebecca.maspoli\",\"@id\":\"https:\\\/\\\/museidartemendrisiotto.ch\\\/#\\\/schema\\\/person\\\/07a2587aedb8d3a7d2ad98a08959a011\"},\"headline\":\"SPARTACO VELA. Impressioni dal vero.\",\"datePublished\":\"2024-10-18T07:34:26+00:00\",\"dateModified\":\"2025-01-29T17:32:19+00:00\",\"mainEntityOfPage\":{\"@id\":\"https:\\\/\\\/museidartemendrisiotto.ch\\\/fr\\\/spartaco-vela\\\/\"},\"wordCount\":174,\"publisher\":{\"@id\":\"https:\\\/\\\/museidartemendrisiotto.ch\\\/#organization\"},\"image\":{\"@id\":\"https:\\\/\\\/museidartemendrisiotto.ch\\\/fr\\\/spartaco-vela\\\/#primaryimage\"},\"thumbnailUrl\":\"https:\\\/\\\/museidartemendrisiotto.ch\\\/wp-content\\\/uploads\\\/2024\\\/10\\\/Spartaco-Vela.jpg\",\"keywords\":[\"mostre\"],\"articleSection\":[\"Museo Vincenzo Vela\"],\"inLanguage\":\"fr-FR\"},{\"@type\":\"event\",\"@id\":\"https:\\\/\\\/museidartemendrisiotto.ch\\\/fr\\\/spartaco-vela\\\/\",\"url\":\"https:\\\/\\\/museidartemendrisiotto.ch\\\/fr\\\/spartaco-vela\\\/\",\"name\":\"SPARTACO VELA. Impressioni dal vero.\",\"isPartOf\":{\"@id\":\"https:\\\/\\\/museidartemendrisiotto.ch\\\/#website\"},\"primaryImageOfPage\":{\"@id\":\"https:\\\/\\\/museidartemendrisiotto.ch\\\/fr\\\/spartaco-vela\\\/#primaryimage\"},\"image\":[\"https:\\\/\\\/museidartemendrisiotto.ch\\\/wp-content\\\/uploads\\\/2024\\\/10\\\/Spartaco-Vela.jpg\",\"https:\\\/\\\/museidartemendrisiotto.ch\\\/wp-content\\\/uploads\\\/2024\\\/10\\\/Spartaco-Vela-300x138.jpg\",\"https:\\\/\\\/museidartemendrisiotto.ch\\\/wp-content\\\/uploads\\\/2024\\\/10\\\/Spartaco-Vela.jpg\",\"https:\\\/\\\/museidartemendrisiotto.ch\\\/wp-content\\\/uploads\\\/2024\\\/10\\\/Spartaco-Vela.jpg\"],\"thumbnailUrl\":\"https:\\\/\\\/museidartemendrisiotto.ch\\\/wp-content\\\/uploads\\\/2024\\\/10\\\/Spartaco-Vela.jpg\",\"datePublished\":\"2024-10-18T07:34:26+02:00\",\"dateModified\":\"2025-01-29T17:32:19+02:00\",\"description\":\"Commissariat: Antonia Nessi et Anita Guglielmetti.\\r\\n\\r\\nLe Mus\u00e9e Vincenzo Vela inaugure sa saison d'automne avec une grande exposition consacr\u00e9e au peintre Spartaco Vela (1854-1895), fils unique du c\u00e9l\u00e8bre sculpteur tessinois et de Sabina Dragoni. Au-del\u00e0 d'une lecture qui le limite au r\u00f4le de simple \u00ab enfant de la balle \u00bb, l'exposition invite \u00e0 red\u00e9couvrir un artiste dot\u00e9 d'une solide formation qui sut inscrire son activit\u00e9 dans le contexte artistique et culturel de son temps, dont il fut un interpr\u00e8te sensible. Sa production picturale et graphique conserv\u00e9e dans les collections du Museo Vincenzo Vela est pr\u00e9sent\u00e9e pour la premi\u00e8re fois au public dans sa quasi int\u00e9gralit\u00e9, en suivant le fil d'un parcours th\u00e9matique original.\\r\\n\\r\\nVernissage\\r\\nSamedi 9 novembre 2024, 17.00\\r\\n\\r\\nExposition\\r\\n10.11.2024 - 27.04.2025\\r\\n\\r\\nHoraire\\r\\nmardi \u2013 vendredi\\r\\n10.00 \u2013 17.00\\r\\nsamedi et dimanche\\r\\n10.00 \u2013 18.00\\r\\n\\r\\nFerm\u00e9 le lundi.\\r\\nEntr\u00e9e gratuite tous les mercredis.\\r\\n\\r\\nOuvertures sp\u00e9ciales\\r\\n8 d\u00e9cembre 2024\\r\\n6 janvier 2025\\r\\n19 mars 2025\\r\\n21 avril 2025 (lundi de P\u00e2ques)\\r\\n\\r\\nFermetures sp\u00e9ciales\\r\\n24 \u2013 26 d\u00e9cembre\\r\\n1\u00b0 janvier\\r\\n\\r\\nPLUS D'INFOS\",\"breadcrumb\":{\"@id\":\"https:\\\/\\\/museidartemendrisiotto.ch\\\/fr\\\/spartaco-vela\\\/#breadcrumb\"},\"inLanguage\":\"fr-FR\",\"potentialAction\":[{\"@type\":\"ReadAction\",\"target\":[\"https:\\\/\\\/museidartemendrisiotto.ch\\\/fr\\\/spartaco-vela\\\/\"]}],\"@context\":\"https:\\\/\\\/schema.org\",\"startDate\":\"2024-11-10\",\"endDate\":\"2025-04-27\",\"eventStatus\":\"EventScheduled\",\"eventAttendanceMode\":\"OfflineEventAttendanceMode\",\"location\":{\"@type\":\"place\",\"name\":\"\",\"address\":\"\",\"geo\":{\"@type\":\"GeoCoordinates\",\"latitude\":\"\",\"longitude\":\"\"}},\"offers\":{\"@type\":\"Offer\"}},{\"@type\":\"ImageObject\",\"inLanguage\":\"fr-FR\",\"@id\":\"https:\\\/\\\/museidartemendrisiotto.ch\\\/fr\\\/spartaco-vela\\\/#primaryimage\",\"url\":\"https:\\\/\\\/museidartemendrisiotto.ch\\\/wp-content\\\/uploads\\\/2024\\\/10\\\/Spartaco-Vela.jpg\",\"contentUrl\":\"https:\\\/\\\/museidartemendrisiotto.ch\\\/wp-content\\\/uploads\\\/2024\\\/10\\\/Spartaco-Vela.jpg\",\"width\":900,\"height\":415},{\"@type\":\"BreadcrumbList\",\"@id\":\"https:\\\/\\\/museidartemendrisiotto.ch\\\/fr\\\/spartaco-vela\\\/#breadcrumb\",\"itemListElement\":[{\"@type\":\"ListItem\",\"position\":1,\"name\":\"Home\",\"item\":\"https:\\\/\\\/museidartemendrisiotto.ch\\\/fr\\\/\"},{\"@type\":\"ListItem\",\"position\":2,\"name\":\"SPARTACO VELA. Impressioni dal vero.\"}]},{\"@type\":\"WebSite\",\"@id\":\"https:\\\/\\\/museidartemendrisiotto.ch\\\/#website\",\"url\":\"https:\\\/\\\/museidartemendrisiotto.ch\\\/\",\"name\":\"Musei d\u2019Arte del Mendrisiotto\",\"description\":\"La rete dei Musei d\u2019Arte del Mendrisiotto (MAM) si propone di rafforzare la visibilit\u00e0, promuovere la conoscenza dei musei del Mendrisiotto\",\"publisher\":{\"@id\":\"https:\\\/\\\/museidartemendrisiotto.ch\\\/#organization\"},\"potentialAction\":[{\"@type\":\"SearchAction\",\"target\":{\"@type\":\"EntryPoint\",\"urlTemplate\":\"https:\\\/\\\/museidartemendrisiotto.ch\\\/?s={search_term_string}\"},\"query-input\":{\"@type\":\"PropertyValueSpecification\",\"valueRequired\":true,\"valueName\":\"search_term_string\"}}],\"inLanguage\":\"fr-FR\"},{\"@type\":\"Organization\",\"@id\":\"https:\\\/\\\/museidartemendrisiotto.ch\\\/#organization\",\"name\":\"Musei d\u2019Arte del Mendrisiotto\",\"url\":\"https:\\\/\\\/museidartemendrisiotto.ch\\\/\",\"logo\":{\"@type\":\"ImageObject\",\"inLanguage\":\"fr-FR\",\"@id\":\"https:\\\/\\\/museidartemendrisiotto.ch\\\/#\\\/schema\\\/logo\\\/image\\\/\",\"url\":\"https:\\\/\\\/museidartemendrisiotto.ch\\\/wp-content\\\/uploads\\\/2020\\\/06\\\/logo_mam.png\",\"contentUrl\":\"https:\\\/\\\/museidartemendrisiotto.ch\\\/wp-content\\\/uploads\\\/2020\\\/06\\\/logo_mam.png\",\"width\":350,\"height\":250,\"caption\":\"Musei d\u2019Arte del Mendrisiotto\"},\"image\":{\"@id\":\"https:\\\/\\\/museidartemendrisiotto.ch\\\/#\\\/schema\\\/logo\\\/image\\\/\"}},{\"@type\":\"Person\",\"@id\":\"https:\\\/\\\/museidartemendrisiotto.ch\\\/#\\\/schema\\\/person\\\/07a2587aedb8d3a7d2ad98a08959a011\",\"name\":\"rebecca.maspoli\",\"image\":{\"@type\":\"ImageObject\",\"inLanguage\":\"fr-FR\",\"@id\":\"https:\\\/\\\/secure.gravatar.com\\\/avatar\\\/8eb20f31dcf75e20617a614b0e85501b6ad78fb1a0795c54bd53ddff54b7b6a4?s=96&d=mm&r=g\",\"url\":\"https:\\\/\\\/secure.gravatar.com\\\/avatar\\\/8eb20f31dcf75e20617a614b0e85501b6ad78fb1a0795c54bd53ddff54b7b6a4?s=96&d=mm&r=g\",\"contentUrl\":\"https:\\\/\\\/secure.gravatar.com\\\/avatar\\\/8eb20f31dcf75e20617a614b0e85501b6ad78fb1a0795c54bd53ddff54b7b6a4?s=96&d=mm&r=g\",\"caption\":\"rebecca.maspoli\"}}]}<\/script>\n<!-- \/ Yoast SEO plugin. -->","yoast_head_json":{"title":"SPARTACO VELA. Impressioni dal vero.","description":"Museo Vincenzo Vela, 10.11.2024 - 27.04.2025","robots":{"index":"index","follow":"follow","max-snippet":"max-snippet:-1","max-image-preview":"max-image-preview:large","max-video-preview":"max-video-preview:-1"},"canonical":"https:\/\/museidartemendrisiotto.ch\/fr\/spartaco-vela\/","og_locale":"fr_FR","og_type":"article","og_title":"SPARTACO VELA. Impressioni dal vero.","og_description":"Museo Vincenzo Vela, 10.11.2024 - 27.04.2025","og_url":"https:\/\/museidartemendrisiotto.ch\/fr\/spartaco-vela\/","og_site_name":"Musei d\u2019Arte del Mendrisiotto","article_published_time":"2024-10-18T07:34:26+00:00","article_modified_time":"2025-01-29T17:32:19+00:00","og_image":[{"width":900,"height":415,"url":"https:\/\/museidartemendrisiotto.ch\/wp-content\/uploads\/2024\/10\/Spartaco-Vela.jpg","type":"image\/jpeg"}],"author":"rebecca.maspoli","twitter_card":"summary_large_image","twitter_misc":{"\u00c9crit par":"rebecca.maspoli","Dur\u00e9e de lecture estim\u00e9e":"2 minutes"},"schema":{"@context":"https:\/\/schema.org","@graph":[{"@type":"Article","@id":"https:\/\/museidartemendrisiotto.ch\/fr\/spartaco-vela\/#article","isPartOf":{"@id":"https:\/\/museidartemendrisiotto.ch\/fr\/spartaco-vela\/"},"author":{"name":"rebecca.maspoli","@id":"https:\/\/museidartemendrisiotto.ch\/#\/schema\/person\/07a2587aedb8d3a7d2ad98a08959a011"},"headline":"SPARTACO VELA. Impressioni dal vero.","datePublished":"2024-10-18T07:34:26+00:00","dateModified":"2025-01-29T17:32:19+00:00","mainEntityOfPage":{"@id":"https:\/\/museidartemendrisiotto.ch\/fr\/spartaco-vela\/"},"wordCount":174,"publisher":{"@id":"https:\/\/museidartemendrisiotto.ch\/#organization"},"image":{"@id":"https:\/\/museidartemendrisiotto.ch\/fr\/spartaco-vela\/#primaryimage"},"thumbnailUrl":"https:\/\/museidartemendrisiotto.ch\/wp-content\/uploads\/2024\/10\/Spartaco-Vela.jpg","keywords":["mostre"],"articleSection":["Museo Vincenzo Vela"],"inLanguage":"fr-FR"},{"@type":"event","@id":"https:\/\/museidartemendrisiotto.ch\/fr\/spartaco-vela\/","url":"https:\/\/museidartemendrisiotto.ch\/fr\/spartaco-vela\/","name":"SPARTACO VELA. Impressioni dal vero.","isPartOf":{"@id":"https:\/\/museidartemendrisiotto.ch\/#website"},"primaryImageOfPage":{"@id":"https:\/\/museidartemendrisiotto.ch\/fr\/spartaco-vela\/#primaryimage"},"image":["https:\/\/museidartemendrisiotto.ch\/wp-content\/uploads\/2024\/10\/Spartaco-Vela.jpg","https:\/\/museidartemendrisiotto.ch\/wp-content\/uploads\/2024\/10\/Spartaco-Vela-300x138.jpg","https:\/\/museidartemendrisiotto.ch\/wp-content\/uploads\/2024\/10\/Spartaco-Vela.jpg","https:\/\/museidartemendrisiotto.ch\/wp-content\/uploads\/2024\/10\/Spartaco-Vela.jpg"],"thumbnailUrl":"https:\/\/museidartemendrisiotto.ch\/wp-content\/uploads\/2024\/10\/Spartaco-Vela.jpg","datePublished":"2024-10-18T07:34:26+02:00","dateModified":"2025-01-29T17:32:19+02:00","description":"Commissariat: Antonia Nessi et Anita Guglielmetti.\r\n\r\nLe Mus\u00e9e Vincenzo Vela inaugure sa saison d'automne avec une grande exposition consacr\u00e9e au peintre Spartaco Vela (1854-1895), fils unique du c\u00e9l\u00e8bre sculpteur tessinois et de Sabina Dragoni. Au-del\u00e0 d'une lecture qui le limite au r\u00f4le de simple \u00ab enfant de la balle \u00bb, l'exposition invite \u00e0 red\u00e9couvrir un artiste dot\u00e9 d'une solide formation qui sut inscrire son activit\u00e9 dans le contexte artistique et culturel de son temps, dont il fut un interpr\u00e8te sensible. Sa production picturale et graphique conserv\u00e9e dans les collections du Museo Vincenzo Vela est pr\u00e9sent\u00e9e pour la premi\u00e8re fois au public dans sa quasi int\u00e9gralit\u00e9, en suivant le fil d'un parcours th\u00e9matique original.\r\n\r\nVernissage\r\nSamedi 9 novembre 2024, 17.00\r\n\r\nExposition\r\n10.11.2024 - 27.04.2025\r\n\r\nHoraire\r\nmardi \u2013 vendredi\r\n10.00 \u2013 17.00\r\nsamedi et dimanche\r\n10.00 \u2013 18.00\r\n\r\nFerm\u00e9 le lundi.\r\nEntr\u00e9e gratuite tous les mercredis.\r\n\r\nOuvertures sp\u00e9ciales\r\n8 d\u00e9cembre 2024\r\n6 janvier 2025\r\n19 mars 2025\r\n21 avril 2025 (lundi de P\u00e2ques)\r\n\r\nFermetures sp\u00e9ciales\r\n24 \u2013 26 d\u00e9cembre\r\n1\u00b0 janvier\r\n\r\nPLUS D'INFOS","breadcrumb":{"@id":"https:\/\/museidartemendrisiotto.ch\/fr\/spartaco-vela\/#breadcrumb"},"inLanguage":"fr-FR","potentialAction":[{"@type":"ReadAction","target":["https:\/\/museidartemendrisiotto.ch\/fr\/spartaco-vela\/"]}],"@context":"https:\/\/schema.org","startDate":"2024-11-10","endDate":"2025-04-27","eventStatus":"EventScheduled","eventAttendanceMode":"OfflineEventAttendanceMode","location":{"@type":"place","name":"","address":"","geo":{"@type":"GeoCoordinates","latitude":"","longitude":""}},"offers":{"@type":"Offer"}},{"@type":"ImageObject","inLanguage":"fr-FR","@id":"https:\/\/museidartemendrisiotto.ch\/fr\/spartaco-vela\/#primaryimage","url":"https:\/\/museidartemendrisiotto.ch\/wp-content\/uploads\/2024\/10\/Spartaco-Vela.jpg","contentUrl":"https:\/\/museidartemendrisiotto.ch\/wp-content\/uploads\/2024\/10\/Spartaco-Vela.jpg","width":900,"height":415},{"@type":"BreadcrumbList","@id":"https:\/\/museidartemendrisiotto.ch\/fr\/spartaco-vela\/#breadcrumb","itemListElement":[{"@type":"ListItem","position":1,"name":"Home","item":"https:\/\/museidartemendrisiotto.ch\/fr\/"},{"@type":"ListItem","position":2,"name":"SPARTACO VELA. Impressioni dal vero."}]},{"@type":"WebSite","@id":"https:\/\/museidartemendrisiotto.ch\/#website","url":"https:\/\/museidartemendrisiotto.ch\/","name":"Musei d\u2019Arte del Mendrisiotto","description":"La rete dei Musei d\u2019Arte del Mendrisiotto (MAM) si propone di rafforzare la visibilit\u00e0, promuovere la conoscenza dei musei del Mendrisiotto","publisher":{"@id":"https:\/\/museidartemendrisiotto.ch\/#organization"},"potentialAction":[{"@type":"SearchAction","target":{"@type":"EntryPoint","urlTemplate":"https:\/\/museidartemendrisiotto.ch\/?s={search_term_string}"},"query-input":{"@type":"PropertyValueSpecification","valueRequired":true,"valueName":"search_term_string"}}],"inLanguage":"fr-FR"},{"@type":"Organization","@id":"https:\/\/museidartemendrisiotto.ch\/#organization","name":"Musei d\u2019Arte del Mendrisiotto","url":"https:\/\/museidartemendrisiotto.ch\/","logo":{"@type":"ImageObject","inLanguage":"fr-FR","@id":"https:\/\/museidartemendrisiotto.ch\/#\/schema\/logo\/image\/","url":"https:\/\/museidartemendrisiotto.ch\/wp-content\/uploads\/2020\/06\/logo_mam.png","contentUrl":"https:\/\/museidartemendrisiotto.ch\/wp-content\/uploads\/2020\/06\/logo_mam.png","width":350,"height":250,"caption":"Musei d\u2019Arte del Mendrisiotto"},"image":{"@id":"https:\/\/museidartemendrisiotto.ch\/#\/schema\/logo\/image\/"}},{"@type":"Person","@id":"https:\/\/museidartemendrisiotto.ch\/#\/schema\/person\/07a2587aedb8d3a7d2ad98a08959a011","name":"rebecca.maspoli","image":{"@type":"ImageObject","inLanguage":"fr-FR","@id":"https:\/\/secure.gravatar.com\/avatar\/8eb20f31dcf75e20617a614b0e85501b6ad78fb1a0795c54bd53ddff54b7b6a4?s=96&d=mm&r=g","url":"https:\/\/secure.gravatar.com\/avatar\/8eb20f31dcf75e20617a614b0e85501b6ad78fb1a0795c54bd53ddff54b7b6a4?s=96&d=mm&r=g","contentUrl":"https:\/\/secure.gravatar.com\/avatar\/8eb20f31dcf75e20617a614b0e85501b6ad78fb1a0795c54bd53ddff54b7b6a4?s=96&d=mm&r=g","caption":"rebecca.maspoli"}}]}},"_links":{"self":[{"href":"https:\/\/museidartemendrisiotto.ch\/fr\/wp-json\/wp\/v2\/posts\/6941","targetHints":{"allow":["GET"]}}],"collection":[{"href":"https:\/\/museidartemendrisiotto.ch\/fr\/wp-json\/wp\/v2\/posts"}],"about":[{"href":"https:\/\/museidartemendrisiotto.ch\/fr\/wp-json\/wp\/v2\/types\/post"}],"author":[{"embeddable":true,"href":"https:\/\/museidartemendrisiotto.ch\/fr\/wp-json\/wp\/v2\/users\/9"}],"replies":[{"embeddable":true,"href":"https:\/\/museidartemendrisiotto.ch\/fr\/wp-json\/wp\/v2\/comments?post=6941"}],"version-history":[{"count":9,"href":"https:\/\/museidartemendrisiotto.ch\/fr\/wp-json\/wp\/v2\/posts\/6941\/revisions"}],"predecessor-version":[{"id":7204,"href":"https:\/\/museidartemendrisiotto.ch\/fr\/wp-json\/wp\/v2\/posts\/6941\/revisions\/7204"}],"wp:featuredmedia":[{"embeddable":true,"href":"https:\/\/museidartemendrisiotto.ch\/fr\/wp-json\/wp\/v2\/media\/6926"}],"wp:attachment":[{"href":"https:\/\/museidartemendrisiotto.ch\/fr\/wp-json\/wp\/v2\/media?parent=6941"}],"wp:term":[{"taxonomy":"category","embeddable":true,"href":"https:\/\/museidartemendrisiotto.ch\/fr\/wp-json\/wp\/v2\/categories?post=6941"},{"taxonomy":"post_tag","embeddable":true,"href":"https:\/\/museidartemendrisiotto.ch\/fr\/wp-json\/wp\/v2\/tags?post=6941"}],"curies":[{"name":"wp","href":"https:\/\/api.w.org\/{rel}","templated":true}]}}